{"id":5754,"date":"2016-09-20T15:19:18","date_gmt":"2016-09-20T14:19:18","guid":{"rendered":"http:\/\/agora.xtec.cat\/escolademusicsijpc\/?p=5754"},"modified":"2016-09-20T15:20:28","modified_gmt":"2016-09-20T14:20:28","slug":"lescola-de-musics-i-jpc-i-centre-de-normalitzacio-linguistica","status":"publish","type":"post","link":"https:\/\/agora.xtec.cat\/escolademusicsijpc\/corals\/lescola-de-musics-i-jpc-i-centre-de-normalitzacio-linguistica\/","title":{"rendered":"L&#8217;Escola de M\u00fasics i JPC i Centre de Normalitzaci\u00f3 Ling\u00fc\u00edstica"},"content":{"rendered":"<p>Per tercer any seguit, l&#8217;Escola de M\u00fasics i <span class=\"hiddenSpellError\">JPC<\/span> juntament amb el Centre de normalitzaci\u00f3 ling\u00fc\u00edstica reprenen les classes de catal\u00e0\/cant coral. Aquesta coral est\u00e0 destinada a alumnes que volen endinsar<span class=\"hiddenGrammarError\">-se<\/span> a una bona pron\u00fancia del catal\u00e0 tot gaudint de la m\u00fasica. Aqu\u00ed teniu l&#8217;enlla\u00e7 per a m\u00e9s informaci\u00f3:<\/p>\n<p><a href=\"http:\/\/www.cpnl.cat\/xarxa\/cnlbarcelona\/noticies.html?ID=16812\">http:\/\/www.cpnl.cat\/xarxa\/cnlbarcelona\/noticies.html?ID=16812<\/a><\/p>\n<p style=\"text-align: center;\"><a href=\"http:\/\/agora.xtec.cat\/escolademusicsijpc\/corals\/lescola-de-musics-i-jpc-i-centre-de-normalitzacio-linguistica\/attachment\/butlletainscripcio\/\" rel=\"attachment wp-att-5755\"><img loading=\"lazy\" decoding=\"async\" class=\"alignnone size-medium wp-image-5755\" src=\"http:\/\/agora.xtec.cat\/escolademusicsijpc\/wp-content\/uploads\/usu459\/2016\/09\/butlletainscripcio-213x300.gif\" alt=\"butlletainscripcio\" width=\"213\" height=\"300\" \/><\/a><\/p>\n<p>&nbsp;<\/p>\n","protected":false},"excerpt":{"rendered":"<p>Per tercer any seguit, l&#8217;Escola de M\u00fasics i JPC juntament amb el Centre de normalitzaci\u00f3 ling\u00fc\u00edstica reprenen les classes de catal\u00e0\/cant coral. Aquesta coral est\u00e0 destinada a alumnes que volen endinsar-se a una bona pron\u00fancia del catal\u00e0 tot gaudint de la m\u00fasica. Aqu\u00ed teniu l&#8217;enlla\u00e7&hellip;  <a href=\"https:\/\/agora.xtec.cat\/escolademusicsijpc\/corals\/lescola-de-musics-i-jpc-i-centre-de-normalitzacio-linguistica\/\" title=\"Read L&#8217;Escola de M\u00fasics i JPC i Centre de Normalitzaci\u00f3 Ling\u00fc\u00edstica\">Llegeix m\u00e9s\u00bb<\/a><\/p>\n","protected":false},"author":3,"featured_media":5755,"comment_status":"open","ping_status":"open","sticky":false,"template":"","format":"standard","meta":{"_bbp_topic_count":0,"_bbp_reply_count":0,"_bbp_total_topic_count":0,"_bbp_total_reply_count":0,"_bbp_voice_count":0,"_bbp_anonymous_reply_count":0,"_bbp_topic_count_hidden":0,"_bbp_reply_count_hidden":0,"_bbp_forum_subforum_count":0,"footnotes":""},"categories":[66,104],"tags":[],"class_list":["post-5754","post","type-post","status-publish","format-standard","has-post-thumbnail","hentry","category-corals","category-uncategorized"],"post_mailing_queue_ids":[],"_links":{"self":[{"href":"https:\/\/agora.xtec.cat\/escolademusicsijpc\/wp-json\/wp\/v2\/posts\/5754","targetHints":{"allow":["GET"]}}],"collection":[{"href":"https:\/\/agora.xtec.cat\/escolademusicsijpc\/wp-json\/wp\/v2\/posts"}],"about":[{"href":"https:\/\/agora.xtec.cat\/escolademusicsijpc\/wp-json\/wp\/v2\/types\/post"}],"author":[{"embeddable":true,"href":"https:\/\/agora.xtec.cat\/escolademusicsijpc\/wp-json\/wp\/v2\/users\/3"}],"replies":[{"embeddable":true,"href":"https:\/\/agora.xtec.cat\/escolademusicsijpc\/wp-json\/wp\/v2\/comments?post=5754"}],"version-history":[{"count":2,"href":"https:\/\/agora.xtec.cat\/escolademusicsijpc\/wp-json\/wp\/v2\/posts\/5754\/revisions"}],"predecessor-version":[{"id":5757,"href":"https:\/\/agora.xtec.cat\/escolademusicsijpc\/wp-json\/wp\/v2\/posts\/5754\/revisions\/5757"}],"wp:featuredmedia":[{"embeddable":true,"href":"https:\/\/agora.xtec.cat\/escolademusicsijpc\/wp-json\/wp\/v2\/media\/5755"}],"wp:attachment":[{"href":"https:\/\/agora.xtec.cat\/escolademusicsijpc\/wp-json\/wp\/v2\/media?parent=5754"}],"wp:term":[{"taxonomy":"category","embeddable":true,"href":"https:\/\/agora.xtec.cat\/escolademusicsijpc\/wp-json\/wp\/v2\/categories?post=5754"},{"taxonomy":"post_tag","embeddable":true,"href":"https:\/\/agora.xtec.cat\/escolademusicsijpc\/wp-json\/wp\/v2\/tags?post=5754"}],"curies":[{"name":"wp","href":"https:\/\/api.w.org\/{rel}","templated":true}]}}