{"id":5741,"date":"2016-09-16T19:18:45","date_gmt":"2016-09-16T18:18:45","guid":{"rendered":"http:\/\/agora.xtec.cat\/escolademusicsijpc\/?p=5741"},"modified":"2016-11-03T18:19:58","modified_gmt":"2016-11-03T17:19:58","slug":"musicals-choir-a-linstitut-pau-claris","status":"publish","type":"post","link":"https:\/\/agora.xtec.cat\/escolademusicsijpc\/concerts\/musicals-choir-a-linstitut-pau-claris\/","title":{"rendered":"Musicals\u2019 Choir a l\u2019institut Pau Claris"},"content":{"rendered":"<p>El passat 8 de setembre, el cor de joves de l\u2019Escola de M\u00fasics,\u00a0 Musicals\u2019 Choir, va participar a la inauguraci\u00f3 de curs de l\u2019institut Pau Claris, amb el que per tercer any consecutiu, l\u2019Escola de M\u00fasics treballa per fer cr\u00e9ixer un projecte com\u00fa de m\u00fasica dins l\u2019institut.<br \/>\nVa ser un concert molt emotiu i els\u00a0 nostres cantants van lluir les seves veus i energia desbordant.<\/p>\n<p><a href=\"http:\/\/agora.xtec.cat\/escolademusicsijpc\/concerts\/musicals-choir-a-linstitut-pau-claris\/attachment\/img_1811\/\" rel=\"attachment wp-att-5742\"><img loading=\"lazy\" decoding=\"async\" class=\"alignnone wp-image-5742 size-thumbnail\" src=\"http:\/\/agora.xtec.cat\/escolademusicsijpc\/wp-content\/uploads\/usu459\/2016\/09\/IMG_1811-150x150.gif\" alt=\"IMG_1811\" width=\"150\" height=\"150\" \/><\/a> <a href=\"http:\/\/agora.xtec.cat\/escolademusicsijpc\/concerts\/musicals-choir-a-linstitut-pau-claris\/attachment\/img_1819\/\" rel=\"attachment wp-att-5743\"><img loading=\"lazy\" decoding=\"async\" class=\"alignnone wp-image-5743 size-thumbnail\" src=\"http:\/\/agora.xtec.cat\/escolademusicsijpc\/wp-content\/uploads\/usu459\/2016\/09\/IMG_1819-150x150.gif\" alt=\"IMG_1819\" width=\"150\" height=\"150\" srcset=\"https:\/\/agora.xtec.cat\/escolademusicsijpc\/wp-content\/uploads\/usu459\/2016\/09\/IMG_1819-150x150.gif 150w, https:\/\/agora.xtec.cat\/escolademusicsijpc\/wp-content\/uploads\/usu459\/2016\/09\/IMG_1819-250x250.gif 250w\" sizes=\"auto, (max-width: 150px) 100vw, 150px\" \/><\/a> <a href=\"http:\/\/agora.xtec.cat\/escolademusicsijpc\/concerts\/musicals-choir-a-linstitut-pau-claris\/attachment\/img_1827\/\" rel=\"attachment wp-att-5744\"><img loading=\"lazy\" decoding=\"async\" class=\"alignnone wp-image-5744 size-thumbnail\" src=\"http:\/\/agora.xtec.cat\/escolademusicsijpc\/wp-content\/uploads\/usu459\/2016\/09\/IMG_1827-150x150.gif\" alt=\"IMG_1827\" width=\"150\" height=\"150\" \/><\/a> <img loading=\"lazy\" decoding=\"async\" class=\"alignnone wp-image-5745 size-thumbnail\" src=\"http:\/\/agora.xtec.cat\/escolademusicsijpc\/wp-content\/uploads\/usu459\/2016\/09\/IMG_1828-150x150.gif\" alt=\"IMG_1828\" width=\"150\" height=\"150\" \/> <a href=\"http:\/\/agora.xtec.cat\/escolademusicsijpc\/concerts\/musicals-choir-a-linstitut-pau-claris\/attachment\/img_1834\/\" rel=\"attachment wp-att-5746\"><img loading=\"lazy\" decoding=\"async\" class=\"alignnone wp-image-5746 size-thumbnail\" src=\"http:\/\/agora.xtec.cat\/escolademusicsijpc\/wp-content\/uploads\/usu459\/2016\/09\/IMG_1834-150x150.gif\" alt=\"IMG_1834\" width=\"150\" height=\"150\" \/><\/a> <a href=\"http:\/\/agora.xtec.cat\/escolademusicsijpc\/concerts\/musicals-choir-a-linstitut-pau-claris\/attachment\/img_1849\/\" rel=\"attachment wp-att-5747\"><img loading=\"lazy\" decoding=\"async\" class=\"alignnone wp-image-5747 size-thumbnail\" src=\"http:\/\/agora.xtec.cat\/escolademusicsijpc\/wp-content\/uploads\/usu459\/2016\/09\/IMG_1849-150x150.gif\" alt=\"IMG_1849\" width=\"150\" height=\"150\" \/><\/a> <a href=\"http:\/\/agora.xtec.cat\/escolademusicsijpc\/concerts\/musicals-choir-a-linstitut-pau-claris\/attachment\/img_1855\/\" rel=\"attachment wp-att-5748\"><img loading=\"lazy\" decoding=\"async\" class=\"alignnone wp-image-5748 size-thumbnail\" src=\"http:\/\/agora.xtec.cat\/escolademusicsijpc\/wp-content\/uploads\/usu459\/2016\/09\/IMG_1855-150x150.gif\" alt=\"IMG_1855\" width=\"150\" height=\"150\" srcset=\"https:\/\/agora.xtec.cat\/escolademusicsijpc\/wp-content\/uploads\/usu459\/2016\/09\/IMG_1855-150x150.gif 150w, https:\/\/agora.xtec.cat\/escolademusicsijpc\/wp-content\/uploads\/usu459\/2016\/09\/IMG_1855-250x250.gif 250w\" sizes=\"auto, (max-width: 150px) 100vw, 150px\" \/><\/a> <a href=\"http:\/\/agora.xtec.cat\/escolademusicsijpc\/concerts\/musicals-choir-a-linstitut-pau-claris\/attachment\/img_1856\/\" rel=\"attachment wp-att-5749\"><img loading=\"lazy\" decoding=\"async\" class=\"alignnone wp-image-5749 size-thumbnail\" src=\"http:\/\/agora.xtec.cat\/escolademusicsijpc\/wp-content\/uploads\/usu459\/2016\/09\/IMG_1856-150x150.gif\" alt=\"IMG_1856\" width=\"150\" height=\"150\" \/><\/a><\/p>\n<p>&nbsp;<\/p>\n","protected":false},"excerpt":{"rendered":"<p>El passat 8 de setembre, el cor de joves de l\u2019Escola de M\u00fasics,\u00a0 Musicals\u2019 Choir, va participar a la inauguraci\u00f3 de curs de l\u2019institut Pau Claris, amb el que per tercer any consecutiu, l\u2019Escola de M\u00fasics treballa per fer cr\u00e9ixer un projecte com\u00fa de m\u00fasica&hellip;  <a href=\"https:\/\/agora.xtec.cat\/escolademusicsijpc\/concerts\/musicals-choir-a-linstitut-pau-claris\/\" title=\"Read Musicals\u2019 Choir a l\u2019institut Pau Claris\">Llegeix m\u00e9s\u00bb<\/a><\/p>\n","protected":false},"author":3,"featured_media":5748,"comment_status":"open","ping_status":"open","sticky":false,"template":"","format":"standard","meta":{"_bbp_topic_count":0,"_bbp_reply_count":0,"_bbp_total_topic_count":0,"_bbp_total_reply_count":0,"_bbp_voice_count":0,"_bbp_anonymous_reply_count":0,"_bbp_topic_count_hidden":0,"_bbp_reply_count_hidden":0,"_bbp_forum_subforum_count":0,"footnotes":""},"categories":[63,66,104],"tags":[],"class_list":["post-5741","post","type-post","status-publish","format-standard","has-post-thumbnail","hentry","category-concerts","category-corals","category-uncategorized"],"post_mailing_queue_ids":[],"_links":{"self":[{"href":"https:\/\/agora.xtec.cat\/escolademusicsijpc\/wp-json\/wp\/v2\/posts\/5741","targetHints":{"allow":["GET"]}}],"collection":[{"href":"https:\/\/agora.xtec.cat\/escolademusicsijpc\/wp-json\/wp\/v2\/posts"}],"about":[{"href":"https:\/\/agora.xtec.cat\/escolademusicsijpc\/wp-json\/wp\/v2\/types\/post"}],"author":[{"embeddable":true,"href":"https:\/\/agora.xtec.cat\/escolademusicsijpc\/wp-json\/wp\/v2\/users\/3"}],"replies":[{"embeddable":true,"href":"https:\/\/agora.xtec.cat\/escolademusicsijpc\/wp-json\/wp\/v2\/comments?post=5741"}],"version-history":[{"count":3,"href":"https:\/\/agora.xtec.cat\/escolademusicsijpc\/wp-json\/wp\/v2\/posts\/5741\/revisions"}],"predecessor-version":[{"id":5752,"href":"https:\/\/agora.xtec.cat\/escolademusicsijpc\/wp-json\/wp\/v2\/posts\/5741\/revisions\/5752"}],"wp:featuredmedia":[{"embeddable":true,"href":"https:\/\/agora.xtec.cat\/escolademusicsijpc\/wp-json\/wp\/v2\/media\/5748"}],"wp:attachment":[{"href":"https:\/\/agora.xtec.cat\/escolademusicsijpc\/wp-json\/wp\/v2\/media?parent=5741"}],"wp:term":[{"taxonomy":"category","embeddable":true,"href":"https:\/\/agora.xtec.cat\/escolademusicsijpc\/wp-json\/wp\/v2\/categories?post=5741"},{"taxonomy":"post_tag","embeddable":true,"href":"https:\/\/agora.xtec.cat\/escolademusicsijpc\/wp-json\/wp\/v2\/tags?post=5741"}],"curies":[{"name":"wp","href":"https:\/\/api.w.org\/{rel}","templated":true}]}}