{"id":5614,"date":"2016-05-20T14:48:35","date_gmt":"2016-05-20T13:48:35","guid":{"rendered":"http:\/\/agora.xtec.cat\/escolademusicsijpc\/?p=5614"},"modified":"2016-05-20T15:27:37","modified_gmt":"2016-05-20T14:27:37","slug":"un-mon-de-cancons","status":"publish","type":"post","link":"https:\/\/agora.xtec.cat\/escolademusicsijpc\/corals\/un-mon-de-cancons\/","title":{"rendered":"UN M\u00d3N DE\u00a0CAN\u00c7ONS"},"content":{"rendered":"<header class=\"entry-header\">UN M\u00d3N DE CAN\u00c7ONS, els projectes corals de L\u2019escola de M\u00fasics i JPC al Palau.<\/header>\n<div class=\"entry-content\">Un any m\u00e9s els Cors de Ciutat Vella, Cors del Bes\u00f2s, Sons de Veu i Musicals\u2019 Choir, participen en el concert final al Palau de la M\u00fasica conjuntament amb el projecte Clav\u00e9 XXI de l\u2019Orfe\u00f3 Catal\u00e0.<\/div>\n<div class=\"entry-content\"><\/div>\n<div class=\"entry-content\">\n<div>Un total de 750 cantaires de 5 a 17 anys portats pel projecte coral de L\u2019Escola de M\u00fasics i JPC i dirigits per Neus L\u00f3pez, Marina Pelfort, Irene Andreu, Yolanda Mallofr\u00e9 i Cristina Colomer, \u00a0podran tornar a gaudir d\u2019un espai<\/div>\n<div>magn\u00edfic i segurament faran gaudir al p\u00fablic d\u2019un repertori que ens far\u00e0 viatjar per tot el m\u00f3n.<\/div>\n<\/div>\n<div><\/div>\n<div class=\"entry-content\">\n<div id=\"jp-post-flair\" class=\"sharedaddy sd-like-enabled sd-sharing-enabled\">\n<div class=\"sharedaddy sd-sharing-enabled\">\n<div class=\"robots-nocontent sd-block sd-social sd-social-icon sd-sharing\">\n<h3 class=\"sd-title\"><a href=\"http:\/\/agora.xtec.cat\/escolademusicsijpc\/corals\/un-mon-de-cancons\/attachment\/13266125_10208974951398633_6570403975618531528_n\/\" rel=\"attachment wp-att-5616\"><img loading=\"lazy\" decoding=\"async\" class=\"alignnone wp-image-5616\" src=\"http:\/\/agora.xtec.cat\/escolademusicsijpc\/wp-content\/uploads\/usu459\/2016\/05\/13266125_10208974951398633_6570403975618531528_n.jpg\" alt=\"\" width=\"214\" height=\"300\" srcset=\"https:\/\/agora.xtec.cat\/escolademusicsijpc\/wp-content\/uploads\/usu459\/2016\/05\/13266125_10208974951398633_6570403975618531528_n.jpg 684w, https:\/\/agora.xtec.cat\/escolademusicsijpc\/wp-content\/uploads\/usu459\/2016\/05\/13266125_10208974951398633_6570403975618531528_n-214x300.jpg 214w\" sizes=\"auto, (max-width: 214px) 100vw, 214px\" \/><\/a><a href=\"http:\/\/agora.xtec.cat\/escolademusicsijpc\/wp-content\/uploads\/usu459\/2016\/05\/13230140_10208974951598638_8180264734593165781_n.jpg\"><img loading=\"lazy\" decoding=\"async\" class=\"alignnone wp-image-5617 size-medium\" src=\"http:\/\/agora.xtec.cat\/escolademusicsijpc\/wp-content\/uploads\/usu459\/2016\/05\/13230140_10208974951598638_8180264734593165781_n-209x300.jpg\" alt=\"\" width=\"209\" height=\"300\" srcset=\"https:\/\/agora.xtec.cat\/escolademusicsijpc\/wp-content\/uploads\/usu459\/2016\/05\/13230140_10208974951598638_8180264734593165781_n-209x300.jpg 209w, https:\/\/agora.xtec.cat\/escolademusicsijpc\/wp-content\/uploads\/usu459\/2016\/05\/13230140_10208974951598638_8180264734593165781_n.jpg 669w\" sizes=\"auto, (max-width: 209px) 100vw, 209px\" \/><\/a><a href=\"http:\/\/agora.xtec.cat\/escolademusicsijpc\/wp-content\/uploads\/usu459\/2016\/05\/13239360_10208974951798643_4904701086958678606_n.jpg\"><img loading=\"lazy\" decoding=\"async\" class=\"alignnone wp-image-5618 size-medium\" src=\"http:\/\/agora.xtec.cat\/escolademusicsijpc\/wp-content\/uploads\/usu459\/2016\/05\/13239360_10208974951798643_4904701086958678606_n-215x300.jpg\" alt=\"\" width=\"215\" height=\"300\" srcset=\"https:\/\/agora.xtec.cat\/escolademusicsijpc\/wp-content\/uploads\/usu459\/2016\/05\/13239360_10208974951798643_4904701086958678606_n-215x300.jpg 215w, https:\/\/agora.xtec.cat\/escolademusicsijpc\/wp-content\/uploads\/usu459\/2016\/05\/13239360_10208974951798643_4904701086958678606_n.jpg 688w\" sizes=\"auto, (max-width: 215px) 100vw, 215px\" \/><\/a><a href=\"http:\/\/agora.xtec.cat\/escolademusicsijpc\/wp-content\/uploads\/usu459\/2016\/05\/13240725_10208974952758667_2856143046755276685_n.jpg\"><img loading=\"lazy\" decoding=\"async\" class=\"alignnone wp-image-5619 size-medium\" src=\"http:\/\/agora.xtec.cat\/escolademusicsijpc\/wp-content\/uploads\/usu459\/2016\/05\/13240725_10208974952758667_2856143046755276685_n-210x300.jpg\" alt=\"\" width=\"210\" height=\"300\" srcset=\"https:\/\/agora.xtec.cat\/escolademusicsijpc\/wp-content\/uploads\/usu459\/2016\/05\/13240725_10208974952758667_2856143046755276685_n-210x300.jpg 210w, https:\/\/agora.xtec.cat\/escolademusicsijpc\/wp-content\/uploads\/usu459\/2016\/05\/13240725_10208974952758667_2856143046755276685_n.jpg 671w\" sizes=\"auto, (max-width: 210px) 100vw, 210px\" \/><\/a><a href=\"http:\/\/agora.xtec.cat\/escolademusicsijpc\/wp-content\/uploads\/usu459\/2016\/05\/13237811_10208974953198678_6469891507462157269_n.jpg\"><img loading=\"lazy\" decoding=\"async\" class=\"alignnone wp-image-5620 size-medium\" src=\"http:\/\/agora.xtec.cat\/escolademusicsijpc\/wp-content\/uploads\/usu459\/2016\/05\/13237811_10208974953198678_6469891507462157269_n-214x300.jpg\" alt=\"\" width=\"214\" height=\"300\" srcset=\"https:\/\/agora.xtec.cat\/escolademusicsijpc\/wp-content\/uploads\/usu459\/2016\/05\/13237811_10208974953198678_6469891507462157269_n-214x300.jpg 214w, https:\/\/agora.xtec.cat\/escolademusicsijpc\/wp-content\/uploads\/usu459\/2016\/05\/13237811_10208974953198678_6469891507462157269_n.jpg 684w\" sizes=\"auto, (max-width: 214px) 100vw, 214px\" \/><\/a><a href=\"http:\/\/agora.xtec.cat\/escolademusicsijpc\/wp-content\/uploads\/usu459\/2016\/05\/13220828_10208974953518686_6077796323428418861_n.jpg\"><img loading=\"lazy\" decoding=\"async\" class=\"alignnone wp-image-5621 size-medium\" src=\"http:\/\/agora.xtec.cat\/escolademusicsijpc\/wp-content\/uploads\/usu459\/2016\/05\/13220828_10208974953518686_6077796323428418861_n-206x300.jpg\" alt=\"\" width=\"206\" height=\"300\" srcset=\"https:\/\/agora.xtec.cat\/escolademusicsijpc\/wp-content\/uploads\/usu459\/2016\/05\/13220828_10208974953518686_6077796323428418861_n-206x300.jpg 206w, https:\/\/agora.xtec.cat\/escolademusicsijpc\/wp-content\/uploads\/usu459\/2016\/05\/13220828_10208974953518686_6077796323428418861_n.jpg 660w\" sizes=\"auto, (max-width: 206px) 100vw, 206px\" \/><\/a><\/h3>\n<\/div>\n<\/div>\n<\/div>\n<\/div>\n","protected":false},"excerpt":{"rendered":"<p>UN M\u00d3N DE CAN\u00c7ONS, els projectes corals de L\u2019escola de M\u00fasics i JPC al Palau.<br \/>\nUn any m\u00e9s els Cors de Ciutat Vella, Cors del Bes\u00f2s, Sons de Veu i Musicals\u2019 Choir, participen en el concert final al Palau de la M\u00fasica conjuntament amb el projecte&hellip;  <a href=\"https:\/\/agora.xtec.cat\/escolademusicsijpc\/corals\/un-mon-de-cancons\/\" title=\"Read UN M\u00d3N DE\u00a0CAN\u00c7ONS\">Llegeix m\u00e9s\u00bb<\/a><\/p>\n","protected":false},"author":3,"featured_media":5616,"comment_status":"open","ping_status":"open","sticky":false,"template":"","format":"standard","meta":{"_bbp_topic_count":0,"_bbp_reply_count":0,"_bbp_total_topic_count":0,"_bbp_total_reply_count":0,"_bbp_voice_count":0,"_bbp_anonymous_reply_count":0,"_bbp_topic_count_hidden":0,"_bbp_reply_count_hidden":0,"_bbp_forum_subforum_count":0,"footnotes":""},"categories":[66,104],"tags":[],"class_list":["post-5614","post","type-post","status-publish","format-standard","has-post-thumbnail","hentry","category-corals","category-uncategorized"],"post_mailing_queue_ids":[],"_links":{"self":[{"href":"https:\/\/agora.xtec.cat\/escolademusicsijpc\/wp-json\/wp\/v2\/posts\/5614","targetHints":{"allow":["GET"]}}],"collection":[{"href":"https:\/\/agora.xtec.cat\/escolademusicsijpc\/wp-json\/wp\/v2\/posts"}],"about":[{"href":"https:\/\/agora.xtec.cat\/escolademusicsijpc\/wp-json\/wp\/v2\/types\/post"}],"author":[{"embeddable":true,"href":"https:\/\/agora.xtec.cat\/escolademusicsijpc\/wp-json\/wp\/v2\/users\/3"}],"replies":[{"embeddable":true,"href":"https:\/\/agora.xtec.cat\/escolademusicsijpc\/wp-json\/wp\/v2\/comments?post=5614"}],"version-history":[{"count":3,"href":"https:\/\/agora.xtec.cat\/escolademusicsijpc\/wp-json\/wp\/v2\/posts\/5614\/revisions"}],"predecessor-version":[{"id":5625,"href":"https:\/\/agora.xtec.cat\/escolademusicsijpc\/wp-json\/wp\/v2\/posts\/5614\/revisions\/5625"}],"wp:featuredmedia":[{"embeddable":true,"href":"https:\/\/agora.xtec.cat\/escolademusicsijpc\/wp-json\/wp\/v2\/media\/5616"}],"wp:attachment":[{"href":"https:\/\/agora.xtec.cat\/escolademusicsijpc\/wp-json\/wp\/v2\/media?parent=5614"}],"wp:term":[{"taxonomy":"category","embeddable":true,"href":"https:\/\/agora.xtec.cat\/escolademusicsijpc\/wp-json\/wp\/v2\/categories?post=5614"},{"taxonomy":"post_tag","embeddable":true,"href":"https:\/\/agora.xtec.cat\/escolademusicsijpc\/wp-json\/wp\/v2\/tags?post=5614"}],"curies":[{"name":"wp","href":"https:\/\/api.w.org\/{rel}","templated":true}]}}