{"id":5602,"date":"2016-05-13T14:25:06","date_gmt":"2016-05-13T13:25:06","guid":{"rendered":"http:\/\/agora.xtec.cat\/escolademusicsijpc\/?p=5602"},"modified":"2016-05-13T14:25:06","modified_gmt":"2016-05-13T13:25:06","slug":"medalla-dhonor-de-lajuntament-de-barcelona-a-lescola-de-musics-i-jpc","status":"publish","type":"post","link":"https:\/\/agora.xtec.cat\/escolademusicsijpc\/uncategorized\/medalla-dhonor-de-lajuntament-de-barcelona-a-lescola-de-musics-i-jpc\/","title":{"rendered":"Medalla d\u2019Honor de l\u2019Ajuntament de Barcelona a L\u2019Escola de M\u00fasics i JPC"},"content":{"rendered":"<p><strong>Benvolguts alumnes, pares i mares de L&#8217;Escola de M\u00fasics i JPC.<\/strong><\/p>\n<p>Us escrivim per fer-vos part\u00edcips d\u2019una bona not\u00edcia.<\/p>\n<p>Ahir\u00a0 al plenari del Consell del Districte de Ciutat Vella es va anunciar p\u00fablicament que es concedeix la Medalla d\u2019Honor de l\u2019Ajuntament de Barcelona a L\u2019Escola de M\u00fasics i JPC.<\/p>\n<p>El reconeixement s\u2019ha aprovat un\u00e0nimement per part de tots els partits pol\u00edtics del Districte de Ciutat Vella destacant les virtuts, qualitats i part humana de L\u2019Escola de M\u00fasics i JPC i dels seus integrants.<\/p>\n<p>Van fer un llarg rep\u00e0s de totes les activitats educatives, culturals i socials que L\u2019Escola fa des del 1992. Van remarcar que aquest guard\u00f3 es concedia a L\u2019Escola de M\u00fasics i JPC com a reconeixement de la seva llarga traject\u00f2ria musical \u00a0al llarg d\u2019aquests 24 anys treballant colze a colze amb les m\u00e9s de 5000 fam\u00edlies, 50 entitats, 25 centres educatius i les diferents administracions per intentar millorar el Barri del Raval, el Districte de Ciutat Vella i la Ciutat de Barcelona mitjan\u00e7ant una eina molt poderosa i un llenguatge universal com \u00e9s la m\u00fasica. Amb la voluntat d\u2019apropar la m\u00fasica a tothom, oferint un ensenyament actiu, obert als alumnes de totes les edats, nivells, aptituds, condicions i or\u00edgens. Intentant adaptar-se al m\u00e0xim a les persones, les caracter\u00edstiques i necessitats particulars de cada alumne, amb la voluntat que tothom, en qualsevol etapa d\u2019aprenentatge, pugui gaudir de la m\u00fasica.<\/p>\n<p>Volem agrair a tots els alumnes, mares, pares i fam\u00edlies, que ens han fet costat al llarg d\u2019aquests 24 anys i ens agradaria que aquest premi us el sent\u00edssiu vostre perqu\u00e8 l\u2019escola ha apr\u00e8s molt de tots vosaltres.<\/p>\n<p>Moltes felicitats a tots pel que hem aconseguit.<\/p>\n<p>Endavant amb la m\u00fasica.<\/p>\n<p>L\u2019Escola de M\u00fasics i JPC<\/p>\n<p><a href=\"http:\/\/agora.xtec.cat\/escolademusicsijpc\/wp-content\/uploads\/usu459\/2016\/05\/logo-1-color.jpg\"><img loading=\"lazy\" decoding=\"async\" class=\"alignnone size-full wp-image-5603\" src=\"http:\/\/agora.xtec.cat\/escolademusicsijpc\/wp-content\/uploads\/usu459\/2016\/05\/logo-1-color.jpg\" alt=\"logo 1 color\" width=\"945\" height=\"462\" srcset=\"https:\/\/agora.xtec.cat\/escolademusicsijpc\/wp-content\/uploads\/usu459\/2016\/05\/logo-1-color.jpg 945w, https:\/\/agora.xtec.cat\/escolademusicsijpc\/wp-content\/uploads\/usu459\/2016\/05\/logo-1-color-300x147.jpg 300w\" sizes=\"auto, (max-width: 945px) 100vw, 945px\" \/><\/a><\/p>\n","protected":false},"excerpt":{"rendered":"<p>Benvolguts alumnes, pares i mares de L&#8217;Escola de M\u00fasics i JPC.<br \/>\nUs escrivim per fer-vos part\u00edcips d\u2019una bona not\u00edcia.<br \/>\nAhir\u00a0 al plenari del Consell del Districte de Ciutat Vella es va anunciar p\u00fablicament que es concedeix la Medalla d\u2019Honor de l\u2019Ajuntament de Barcelona a L\u2019Escola de M\u00fasics&hellip;  <a href=\"https:\/\/agora.xtec.cat\/escolademusicsijpc\/uncategorized\/medalla-dhonor-de-lajuntament-de-barcelona-a-lescola-de-musics-i-jpc\/\" title=\"Read Medalla d\u2019Honor de l\u2019Ajuntament de Barcelona a L\u2019Escola de M\u00fasics i JPC\">Llegeix m\u00e9s\u00bb<\/a><\/p>\n","protected":false},"author":3,"featured_media":5603,"comment_status":"open","ping_status":"open","sticky":false,"template":"","format":"standard","meta":{"_bbp_topic_count":0,"_bbp_reply_count":0,"_bbp_total_topic_count":0,"_bbp_total_reply_count":0,"_bbp_voice_count":0,"_bbp_anonymous_reply_count":0,"_bbp_topic_count_hidden":0,"_bbp_reply_count_hidden":0,"_bbp_forum_subforum_count":0,"footnotes":""},"categories":[104],"tags":[],"class_list":["post-5602","post","type-post","status-publish","format-standard","has-post-thumbnail","hentry","category-uncategorized"],"post_mailing_queue_ids":[],"_links":{"self":[{"href":"https:\/\/agora.xtec.cat\/escolademusicsijpc\/wp-json\/wp\/v2\/posts\/5602","targetHints":{"allow":["GET"]}}],"collection":[{"href":"https:\/\/agora.xtec.cat\/escolademusicsijpc\/wp-json\/wp\/v2\/posts"}],"about":[{"href":"https:\/\/agora.xtec.cat\/escolademusicsijpc\/wp-json\/wp\/v2\/types\/post"}],"author":[{"embeddable":true,"href":"https:\/\/agora.xtec.cat\/escolademusicsijpc\/wp-json\/wp\/v2\/users\/3"}],"replies":[{"embeddable":true,"href":"https:\/\/agora.xtec.cat\/escolademusicsijpc\/wp-json\/wp\/v2\/comments?post=5602"}],"version-history":[{"count":1,"href":"https:\/\/agora.xtec.cat\/escolademusicsijpc\/wp-json\/wp\/v2\/posts\/5602\/revisions"}],"predecessor-version":[{"id":5604,"href":"https:\/\/agora.xtec.cat\/escolademusicsijpc\/wp-json\/wp\/v2\/posts\/5602\/revisions\/5604"}],"wp:featuredmedia":[{"embeddable":true,"href":"https:\/\/agora.xtec.cat\/escolademusicsijpc\/wp-json\/wp\/v2\/media\/5603"}],"wp:attachment":[{"href":"https:\/\/agora.xtec.cat\/escolademusicsijpc\/wp-json\/wp\/v2\/media?parent=5602"}],"wp:term":[{"taxonomy":"category","embeddable":true,"href":"https:\/\/agora.xtec.cat\/escolademusicsijpc\/wp-json\/wp\/v2\/categories?post=5602"},{"taxonomy":"post_tag","embeddable":true,"href":"https:\/\/agora.xtec.cat\/escolademusicsijpc\/wp-json\/wp\/v2\/tags?post=5602"}],"curies":[{"name":"wp","href":"https:\/\/api.w.org\/{rel}","templated":true}]}}