{"id":5595,"date":"2016-05-04T19:22:37","date_gmt":"2016-05-04T18:22:37","guid":{"rendered":"http:\/\/agora.xtec.cat\/escolademusicsijpc\/?p=5595"},"modified":"2016-06-10T15:48:45","modified_gmt":"2016-06-10T14:48:45","slug":"comentaris-dels-participants-master-piano-2016","status":"publish","type":"post","link":"https:\/\/agora.xtec.cat\/escolademusicsijpc\/master-classes\/comentaris-dels-participants-master-piano-2016\/","title":{"rendered":"Comentaris dels participants Master-Piano 2016"},"content":{"rendered":"<p><a href=\"http:\/\/agora.xtec.cat\/escolademusicsijpc\/wp-content\/uploads\/usu459\/2016\/05\/Taller-piano2016-1.gif\"><img loading=\"lazy\" decoding=\"async\" class=\" size-full wp-image-5596 alignright\" src=\"http:\/\/agora.xtec.cat\/escolademusicsijpc\/wp-content\/uploads\/usu459\/2016\/05\/Taller-piano2016-1.gif\" alt=\"Taller-piano2016-(1)\" width=\"350\" height=\"270\" \/><\/a>La meravellosa descoberta del piano<\/p>\n<p>Em dic <span class=\"hiddenSpellError\">Quima<\/span> i toco el piano. Jo em pensava que coneixia prou b\u00e9 el meu instrument. Sabia que tenia 88 tecles (36 negres i 52 blanques), que tenia pedal, que era un instrument de corda\u2026 i poca cosa m\u00e9s. El dia 9 d\u2019abril em va passar una cosa sorprenent. La Gemma ens volia reunir en una aula i ens va dir que ens explicaria coses sobre el piano que potser no sab\u00edem. Jo no m\u2019ho acabava de creure, i per aix\u00f2 vaig decidir anar-hi amb la meva germana i la meva mare. Aix\u00ed que vam arribar, vaig veure tot una s\u00e8rie de peces escampades per l\u2019aula que no em semblaven gens de piano\u2026 Quin misteri! Llavors vaig ajudar la Gemma a destapar una sorpresa que s\u2019amagava a sota d\u2019un drap. Ta-<span class=\"hiddenSpellError\">txan<\/span>! Va quedar al descobert un misteri\u00f3s mecanisme. Es veu que sense aquest mecanisme el piano \u00e9s mut, no es pot expressar. Aquell mecanisme \u00e9s el que li d\u00f3na la vida. I vas ser llavors que ens vam submergir en el m\u00f3n dels martells, apagadors, tecles, b\u00e0scules\u2026 Em vaig adonar que, com nosaltres, que tenim els \u00f2rgans: el cor, el fetge, els pulmons, etc\u00e8tera\u2026 el piano tamb\u00e9 t\u00e9 tot un m\u00f3n interior incre\u00efble en el qual tot ha d\u2019anar perfectament sincronitzat perqu\u00e8 aquest instrument estigui viu i pugui produir m\u00fasica quan nosaltres toquem. Tots ens vam meravellar quan vam veure el piano esventrat\u2026 Com hi podien caber totes aquelles coses a dins del piano? Per sort, l\u2019espai estava tan ben aprofitat que tot hi cabia, encara que a vegades les cordes s\u2019havien de col\u00b7locar encreuades o les tecles havien d\u2019estar lleugerament tor\u00e7ades. I no puc negar que em va sorprendre que fins i tot dins del piano hi cabessin uns curiosos \u201cinsectes\u201d: les mosques i els mosquits, ben <span class=\"hiddenSpellError\">amagadets<\/span> sota les tecles. Ara cada cop que veig i toco el meu piano em v\u00e9nen al cap tots els secrets que amaga i que fan que sigui un instrument tan especial. Gr\u00e0cies, Gemma!\u00a0<strong><span class=\"hiddenSpellError\">Quima<\/span> i Bruna<\/strong><\/p>\n<p><img loading=\"lazy\" decoding=\"async\" class=\"size-medium wp-image-4863 alignright\" src=\"https:\/\/lescolademusicsijpc.files.wordpress.com\/2016\/05\/taller-piano2016-2.gif?w=200&amp;h=300\" alt=\"Taller-piano2016-(2)\" width=\"200\" height=\"300\" \/><\/p>\n<p>Em va agradar molt! Ja \u00e9s el tercer any que vinc i tinc m\u00e9s experi\u00e8ncia per\u00f2 m\u2019ha agradat recordar-ho i aprendre algunes coses noves!<br \/>\nEm va agradar el \u201c<span class=\"hiddenSpellError\">power<\/span> <span class=\"hiddenSpellError\">point<\/span>\u201d i l\u2019explicaci\u00f3!<br \/>\nEm va fer molta <span class=\"hiddenSpellError\">il\u2022lusi\u00f3<\/span> veure el piano per dins i desmuntar-lo. Ha sigut un dels millors anys. Repetir\u00e9!\u00a0<strong>Ona Casals Planas<\/strong><\/p>\n<p>Me refiero al cursillo o conferencia sobre el piano, sus mecanismos internos, mantenimiento, etc. se nos ofreci\u00f3 bajo inscripci\u00f3n gratuita en la Escuela de M\u00fasics el s\u00e1bado 9 de abril en C\/ Carme, 15.<br \/>\nMe result\u00f3 muy interesante. Pasamos un par de horas muy amenas con las explicaciones de la Sra. Gemma Godall.<br \/>\nComo alumno reciente de piano que soy, categor\u00eda senior, me provey\u00f3 de los conocimientos que todos quisi\u00e9ramos en una primera clase y que no siempre es posible, a saber: desarmar el instrumento (conocer su hardware) su funcionamiento y el porqu\u00e9 de unas t\u00e9cnicas de ejecuci\u00f3n que le son propias.<br \/>\nPor otro lado se nos dieron consejos de mantenimiento y aprender a conocer los dise\u00f1os y las caracter\u00edsticas que suponen la excelencia de algunos de estas obras de arte de la tecnolog\u00eda musical.\u00a0 Muchas gracias por la organizaci\u00f3n.\u00a0\u00a0<strong>Jos\u00e9 Mar\u00eda\u00a0<\/strong><strong>Sanmart\u00edn<\/strong><\/p>\n<p><img loading=\"lazy\" decoding=\"async\" class=\"size-medium wp-image-4864 aligncenter\" src=\"https:\/\/lescolademusicsijpc.files.wordpress.com\/2016\/05\/taller-piano2016-3.gif?w=300&amp;h=159\" alt=\"Taller-piano2016-(3)\" width=\"300\" height=\"159\" \/><\/p>\n","protected":false},"excerpt":{"rendered":"<p><a href=\"http:\/\/agora.xtec.cat\/escolademusicsijpc\/wp-content\/uploads\/usu459\/2016\/05\/Taller-piano2016-1.gif\"><\/a>La meravellosa descoberta del piano<br \/>\nEm dic Quima i toco el piano. Jo em pensava que coneixia prou b\u00e9 el meu instrument. Sabia que tenia 88 tecles (36 negres i 52 blanques), que tenia pedal, que era un instrument de corda\u2026 i poca cosa m\u00e9s.&hellip;  <a href=\"https:\/\/agora.xtec.cat\/escolademusicsijpc\/master-classes\/comentaris-dels-participants-master-piano-2016\/\" title=\"Read Comentaris dels participants Master-Piano 2016\">Llegeix m\u00e9s\u00bb<\/a><\/p>\n","protected":false},"author":3,"featured_media":5597,"comment_status":"open","ping_status":"open","sticky":false,"template":"","format":"standard","meta":{"_bbp_topic_count":0,"_bbp_reply_count":0,"_bbp_total_topic_count":0,"_bbp_total_reply_count":0,"_bbp_voice_count":0,"_bbp_anonymous_reply_count":0,"_bbp_topic_count_hidden":0,"_bbp_reply_count_hidden":0,"_bbp_forum_subforum_count":0,"footnotes":""},"categories":[69,104],"tags":[],"class_list":["post-5595","post","type-post","status-publish","format-standard","has-post-thumbnail","hentry","category-master-classes","category-uncategorized"],"post_mailing_queue_ids":[],"_links":{"self":[{"href":"https:\/\/agora.xtec.cat\/escolademusicsijpc\/wp-json\/wp\/v2\/posts\/5595","targetHints":{"allow":["GET"]}}],"collection":[{"href":"https:\/\/agora.xtec.cat\/escolademusicsijpc\/wp-json\/wp\/v2\/posts"}],"about":[{"href":"https:\/\/agora.xtec.cat\/escolademusicsijpc\/wp-json\/wp\/v2\/types\/post"}],"author":[{"embeddable":true,"href":"https:\/\/agora.xtec.cat\/escolademusicsijpc\/wp-json\/wp\/v2\/users\/3"}],"replies":[{"embeddable":true,"href":"https:\/\/agora.xtec.cat\/escolademusicsijpc\/wp-json\/wp\/v2\/comments?post=5595"}],"version-history":[{"count":1,"href":"https:\/\/agora.xtec.cat\/escolademusicsijpc\/wp-json\/wp\/v2\/posts\/5595\/revisions"}],"predecessor-version":[{"id":5598,"href":"https:\/\/agora.xtec.cat\/escolademusicsijpc\/wp-json\/wp\/v2\/posts\/5595\/revisions\/5598"}],"wp:featuredmedia":[{"embeddable":true,"href":"https:\/\/agora.xtec.cat\/escolademusicsijpc\/wp-json\/wp\/v2\/media\/5597"}],"wp:attachment":[{"href":"https:\/\/agora.xtec.cat\/escolademusicsijpc\/wp-json\/wp\/v2\/media?parent=5595"}],"wp:term":[{"taxonomy":"category","embeddable":true,"href":"https:\/\/agora.xtec.cat\/escolademusicsijpc\/wp-json\/wp\/v2\/categories?post=5595"},{"taxonomy":"post_tag","embeddable":true,"href":"https:\/\/agora.xtec.cat\/escolademusicsijpc\/wp-json\/wp\/v2\/tags?post=5595"}],"curies":[{"name":"wp","href":"https:\/\/api.w.org\/{rel}","templated":true}]}}