{"id":5589,"date":"2016-05-03T17:07:39","date_gmt":"2016-05-03T16:07:39","guid":{"rendered":"http:\/\/agora.xtec.cat\/escolademusicsijpc\/?p=5589"},"modified":"2016-05-03T17:08:35","modified_gmt":"2016-05-03T16:08:35","slug":"trobada-coral-al-museu-maritim-de-barcelona","status":"publish","type":"post","link":"https:\/\/agora.xtec.cat\/escolademusicsijpc\/general\/trobada-coral-al-museu-maritim-de-barcelona\/","title":{"rendered":"Trobada coral al Museu Mar\u00edtim de Barcelona"},"content":{"rendered":"<p><iframe loading=\"lazy\" src=\"https:\/\/www.youtube.com\/embed\/q4KlkNJIM7Q\" width=\"560\" height=\"315\" frameborder=\"0\" allowfullscreen=\"allowfullscreen\"><\/iframe><br \/>\nEl passat 15 de maig \u201cEls Cors de Ciutat Vella\u201d van celebrar una trobada coral al Museu Mar\u00edtim de Barcelona.<\/p>\n<p>Aquests cors, formats per escoles i instituts de Ciutat Vella, van oferir a totes les fam\u00edlies que van assistir, un concert inoblidable amb un repertori molt variat i divertit.<\/p>\n<p>M\u00e9s de 400 alumnes van participar en aquest concert, nens i nenes de diverses escoles del Districte: Escola Alexandre Gal\u00ed, Escola Baixeres, Escola Castella, Escola Cervantes, Escola Drassanes, Escola <span class=\"hiddenSpellError\">Labour\u00e9<\/span>, Escola Mediterr\u00e0nia, Escola Parc de la Ciutadella, Escola Pere Vila, Escola <span class=\"hiddenGreenError\">Rub\u00e9n<\/span> <span class=\"hiddenSpellError\">Dar\u00edo<\/span>, Escola Vedruna i l\u2019Institut Pau Claris.<\/p>\n<p>Els assistents van poder apreciar com any a any, la qualitat dels cors van millorant i que la implicaci\u00f3 dels nois\/noies al projecte \u00e9s cada vegada m\u00e9s gran. Els cantants van poder expressar el seu vessant m\u00e9s art\u00edstic per mitj\u00e0 de la m\u00fasica i van gaudir d\u2019un espai tan fabul\u00f3s com la sala <span class=\"hiddenSpellError\">Comillas<\/span> del Museu Mar\u00edtim.<\/p>\n<p>Aquest projecte ha estat organitzat per L\u2019Escola de M\u00fasics i <span class=\"hiddenSpellError\">JPC<\/span> amb suport i col\u00b7laboraci\u00f3 del Districte de Ciutat Vella.<\/p>\n<p><img loading=\"lazy\" decoding=\"async\" class=\"alignleft wp-image-4849\" src=\"https:\/\/lescolademusicsijpc.files.wordpress.com\/2016\/04\/img_7113.gif?w=250&amp;h=167\" alt=\"IMG_7113\" width=\"250\" height=\"167\" \/><img loading=\"lazy\" decoding=\"async\" class=\"alignleft wp-image-4848\" src=\"https:\/\/lescolademusicsijpc.files.wordpress.com\/2016\/04\/img_7162-01.gif?w=250&amp;h=167\" alt=\"IMG_7162-01\" width=\"250\" height=\"167\" \/><img loading=\"lazy\" decoding=\"async\" class=\"alignleft wp-image-4847\" src=\"https:\/\/lescolademusicsijpc.files.wordpress.com\/2016\/04\/img_7062-01.gif?w=250&amp;h=167\" alt=\"IMG_7062-01\" width=\"250\" height=\"167\" \/><\/p>\n<p>&nbsp;<\/p>\n<div id=\"jp-post-flair\" class=\"sharedaddy sd-like-enabled sd-sharing-enabled\"><\/div>\n","protected":false},"excerpt":{"rendered":"<p>El passat 15 de maig \u201cEls Cors de Ciutat Vella\u201d van celebrar una trobada coral al Museu Mar\u00edtim de Barcelona.<br \/>\nAquests cors, formats per escoles i instituts de Ciutat Vella, van oferir a totes les fam\u00edlies que van assistir, un concert inoblidable amb un repertori molt&hellip;  <a href=\"https:\/\/agora.xtec.cat\/escolademusicsijpc\/general\/trobada-coral-al-museu-maritim-de-barcelona\/\" title=\"Read Trobada coral al Museu Mar\u00edtim de Barcelona\">Llegeix m\u00e9s\u00bb<\/a><\/p>\n","protected":false},"author":3,"featured_media":5590,"comment_status":"open","ping_status":"open","sticky":false,"template":"","format":"standard","meta":{"_bbp_topic_count":0,"_bbp_reply_count":0,"_bbp_total_topic_count":0,"_bbp_total_reply_count":0,"_bbp_voice_count":0,"_bbp_anonymous_reply_count":0,"_bbp_topic_count_hidden":0,"_bbp_reply_count_hidden":0,"_bbp_forum_subforum_count":0,"footnotes":""},"categories":[66,1,104],"tags":[],"class_list":["post-5589","post","type-post","status-publish","format-standard","has-post-thumbnail","hentry","category-corals","category-general","category-uncategorized"],"post_mailing_queue_ids":[],"_links":{"self":[{"href":"https:\/\/agora.xtec.cat\/escolademusicsijpc\/wp-json\/wp\/v2\/posts\/5589","targetHints":{"allow":["GET"]}}],"collection":[{"href":"https:\/\/agora.xtec.cat\/escolademusicsijpc\/wp-json\/wp\/v2\/posts"}],"about":[{"href":"https:\/\/agora.xtec.cat\/escolademusicsijpc\/wp-json\/wp\/v2\/types\/post"}],"author":[{"embeddable":true,"href":"https:\/\/agora.xtec.cat\/escolademusicsijpc\/wp-json\/wp\/v2\/users\/3"}],"replies":[{"embeddable":true,"href":"https:\/\/agora.xtec.cat\/escolademusicsijpc\/wp-json\/wp\/v2\/comments?post=5589"}],"version-history":[{"count":1,"href":"https:\/\/agora.xtec.cat\/escolademusicsijpc\/wp-json\/wp\/v2\/posts\/5589\/revisions"}],"predecessor-version":[{"id":5591,"href":"https:\/\/agora.xtec.cat\/escolademusicsijpc\/wp-json\/wp\/v2\/posts\/5589\/revisions\/5591"}],"wp:featuredmedia":[{"embeddable":true,"href":"https:\/\/agora.xtec.cat\/escolademusicsijpc\/wp-json\/wp\/v2\/media\/5590"}],"wp:attachment":[{"href":"https:\/\/agora.xtec.cat\/escolademusicsijpc\/wp-json\/wp\/v2\/media?parent=5589"}],"wp:term":[{"taxonomy":"category","embeddable":true,"href":"https:\/\/agora.xtec.cat\/escolademusicsijpc\/wp-json\/wp\/v2\/categories?post=5589"},{"taxonomy":"post_tag","embeddable":true,"href":"https:\/\/agora.xtec.cat\/escolademusicsijpc\/wp-json\/wp\/v2\/tags?post=5589"}],"curies":[{"name":"wp","href":"https:\/\/api.w.org\/{rel}","templated":true}]}}