{"id":5570,"date":"2016-04-06T19:50:08","date_gmt":"2016-04-06T18:50:08","guid":{"rendered":"http:\/\/agora.xtec.cat\/escolademusicsijpc\/?p=5570"},"modified":"2016-04-06T19:50:08","modified_gmt":"2016-04-06T18:50:08","slug":"concert-de-les-corals-de-laboure","status":"publish","type":"post","link":"https:\/\/agora.xtec.cat\/escolademusicsijpc\/corals\/concert-de-les-corals-de-laboure\/","title":{"rendered":"Concert de les corals de Labour\u00e9"},"content":{"rendered":"<div class=\"entry-content\">\n<p><img decoding=\"async\" class=\"size-full wp-image-4807 alignright\" src=\"https:\/\/lescolademusicsijpc.files.wordpress.com\/2016\/04\/laboure2.gif?w=660\" alt=\"laboure2\" \/>Les corals de Labour\u00e9 ens oferiran un concert a les 17 h a l\u2019Esgl\u00e9sia Sant Server i Sant Vicen\u00e7 de Pa\u00fcl.<\/p>\n<p>Tots els nostres cantaires i la seva directora, la Cristina Colomer, estan molt il\u00b7lusionats!!<\/p>\n<p>Us esperem!! No falteu!!<\/p>\n<p><a href=\"http:\/\/escola-laboure.com\/es\/concert-de-les-corals-de-labour%C3%A9\" rel=\"nofollow\">http:\/\/escola-laboure.com\/es\/concert-de-les-corals-de-labour%C3%A9<\/a><\/p>\n<\/div>\n","protected":false},"excerpt":{"rendered":"<p>Les corals de Labour\u00e9 ens oferiran un concert a les 17 h a l\u2019Esgl\u00e9sia Sant Server i Sant Vicen\u00e7 de Pa\u00fcl.<br \/>\nTots els nostres cantaires i la seva directora, la Cristina Colomer, estan molt il\u00b7lusionats!!<br \/>\nUs esperem!! No falteu!!<br \/>\n<a href=\"http:\/\/escola-laboure.com\/es\/concert-de-les-corals-de-labour%C3%A9\" rel=\"nofollow\">http:\/\/escola-laboure.com\/es\/concert-de-les-corals-de-labour%C3%A9<\/a><\/p>\n","protected":false},"author":3,"featured_media":5571,"comment_status":"open","ping_status":"open","sticky":false,"template":"","format":"standard","meta":{"_bbp_topic_count":0,"_bbp_reply_count":0,"_bbp_total_topic_count":0,"_bbp_total_reply_count":0,"_bbp_voice_count":0,"_bbp_anonymous_reply_count":0,"_bbp_topic_count_hidden":0,"_bbp_reply_count_hidden":0,"_bbp_forum_subforum_count":0,"footnotes":""},"categories":[66,104],"tags":[],"class_list":["post-5570","post","type-post","status-publish","format-standard","has-post-thumbnail","hentry","category-corals","category-uncategorized"],"post_mailing_queue_ids":[],"_links":{"self":[{"href":"https:\/\/agora.xtec.cat\/escolademusicsijpc\/wp-json\/wp\/v2\/posts\/5570","targetHints":{"allow":["GET"]}}],"collection":[{"href":"https:\/\/agora.xtec.cat\/escolademusicsijpc\/wp-json\/wp\/v2\/posts"}],"about":[{"href":"https:\/\/agora.xtec.cat\/escolademusicsijpc\/wp-json\/wp\/v2\/types\/post"}],"author":[{"embeddable":true,"href":"https:\/\/agora.xtec.cat\/escolademusicsijpc\/wp-json\/wp\/v2\/users\/3"}],"replies":[{"embeddable":true,"href":"https:\/\/agora.xtec.cat\/escolademusicsijpc\/wp-json\/wp\/v2\/comments?post=5570"}],"version-history":[{"count":1,"href":"https:\/\/agora.xtec.cat\/escolademusicsijpc\/wp-json\/wp\/v2\/posts\/5570\/revisions"}],"predecessor-version":[{"id":5572,"href":"https:\/\/agora.xtec.cat\/escolademusicsijpc\/wp-json\/wp\/v2\/posts\/5570\/revisions\/5572"}],"wp:featuredmedia":[{"embeddable":true,"href":"https:\/\/agora.xtec.cat\/escolademusicsijpc\/wp-json\/wp\/v2\/media\/5571"}],"wp:attachment":[{"href":"https:\/\/agora.xtec.cat\/escolademusicsijpc\/wp-json\/wp\/v2\/media?parent=5570"}],"wp:term":[{"taxonomy":"category","embeddable":true,"href":"https:\/\/agora.xtec.cat\/escolademusicsijpc\/wp-json\/wp\/v2\/categories?post=5570"},{"taxonomy":"post_tag","embeddable":true,"href":"https:\/\/agora.xtec.cat\/escolademusicsijpc\/wp-json\/wp\/v2\/tags?post=5570"}],"curies":[{"name":"wp","href":"https:\/\/api.w.org\/{rel}","templated":true}]}}