{"id":5560,"date":"2016-04-01T17:30:25","date_gmt":"2016-04-01T16:30:25","guid":{"rendered":"http:\/\/agora.xtec.cat\/escolademusicsijpc\/?p=5560"},"modified":"2016-04-01T17:30:25","modified_gmt":"2016-04-01T16:30:25","slug":"tecnic-afinador-2","status":"publish","type":"post","link":"https:\/\/agora.xtec.cat\/escolademusicsijpc\/master-classes\/tecnic-afinador-2\/","title":{"rendered":"T\u00e8cnic Afinador"},"content":{"rendered":"<p><a href=\"http:\/\/agora.xtec.cat\/escolademusicsijpc\/wp-content\/uploads\/usu459\/2016\/04\/afinacio.gif\"><img loading=\"lazy\" decoding=\"async\" class=\" size-full wp-image-5561 alignright\" src=\"http:\/\/agora.xtec.cat\/escolademusicsijpc\/wp-content\/uploads\/usu459\/2016\/04\/afinacio.gif\" alt=\"afinacio\" width=\"142\" height=\"200\" \/><\/a>M\u00e0ster Classe T\u00e8cnic Afinador de piano a c\u00e0rrec la professora Gemma Godall Rovira.<\/p>\n<ul>\n<li>\u201cDescobreix com \u00e9s un piano per dins i coneix les nocions b\u00e0siques pel seu bon funcionament\u201d<\/li>\n<li>Dissabte 9 d\u2019abril al\u00a0c\/del Carme n\u00ba15 de 10h a 12h.<\/li>\n<li>Places limitades.<\/li>\n<li>Inscripci\u00f3 gratu\u00efta.<\/li>\n<li>Data l\u00edmit 6\/4\/16<\/li>\n<\/ul>\n","protected":false},"excerpt":{"rendered":"<p><a href=\"http:\/\/agora.xtec.cat\/escolademusicsijpc\/wp-content\/uploads\/usu459\/2016\/04\/afinacio.gif\"><\/a>M\u00e0ster Classe T\u00e8cnic Afinador de piano a c\u00e0rrec la professora Gemma Godall Rovira.<\/p>\n<ul>\n<li>\u201cDescobreix com \u00e9s un piano per dins i coneix les nocions b\u00e0siques pel seu bon funcionament\u201d<\/li>\n<li>Dissabte 9 d\u2019abril al\u00a0c\/del Carme n\u00ba15 de 10h a 12h.<\/li>\n<li>Places limitades.<\/li>\n<li>Inscripci\u00f3 gratu\u00efta.<\/li>\n<li>Data l\u00edmit 6\/4\/16<\/li>\n<\/ul>\n","protected":false},"author":3,"featured_media":5561,"comment_status":"open","ping_status":"open","sticky":false,"template":"","format":"standard","meta":{"_bbp_topic_count":0,"_bbp_reply_count":0,"_bbp_total_topic_count":0,"_bbp_total_reply_count":0,"_bbp_voice_count":0,"_bbp_anonymous_reply_count":0,"_bbp_topic_count_hidden":0,"_bbp_reply_count_hidden":0,"_bbp_forum_subforum_count":0,"footnotes":""},"categories":[69,104],"tags":[],"class_list":["post-5560","post","type-post","status-publish","format-standard","has-post-thumbnail","hentry","category-master-classes","category-uncategorized"],"post_mailing_queue_ids":[],"_links":{"self":[{"href":"https:\/\/agora.xtec.cat\/escolademusicsijpc\/wp-json\/wp\/v2\/posts\/5560","targetHints":{"allow":["GET"]}}],"collection":[{"href":"https:\/\/agora.xtec.cat\/escolademusicsijpc\/wp-json\/wp\/v2\/posts"}],"about":[{"href":"https:\/\/agora.xtec.cat\/escolademusicsijpc\/wp-json\/wp\/v2\/types\/post"}],"author":[{"embeddable":true,"href":"https:\/\/agora.xtec.cat\/escolademusicsijpc\/wp-json\/wp\/v2\/users\/3"}],"replies":[{"embeddable":true,"href":"https:\/\/agora.xtec.cat\/escolademusicsijpc\/wp-json\/wp\/v2\/comments?post=5560"}],"version-history":[{"count":1,"href":"https:\/\/agora.xtec.cat\/escolademusicsijpc\/wp-json\/wp\/v2\/posts\/5560\/revisions"}],"predecessor-version":[{"id":5562,"href":"https:\/\/agora.xtec.cat\/escolademusicsijpc\/wp-json\/wp\/v2\/posts\/5560\/revisions\/5562"}],"wp:featuredmedia":[{"embeddable":true,"href":"https:\/\/agora.xtec.cat\/escolademusicsijpc\/wp-json\/wp\/v2\/media\/5561"}],"wp:attachment":[{"href":"https:\/\/agora.xtec.cat\/escolademusicsijpc\/wp-json\/wp\/v2\/media?parent=5560"}],"wp:term":[{"taxonomy":"category","embeddable":true,"href":"https:\/\/agora.xtec.cat\/escolademusicsijpc\/wp-json\/wp\/v2\/categories?post=5560"},{"taxonomy":"post_tag","embeddable":true,"href":"https:\/\/agora.xtec.cat\/escolademusicsijpc\/wp-json\/wp\/v2\/tags?post=5560"}],"curies":[{"name":"wp","href":"https:\/\/api.w.org\/{rel}","templated":true}]}}