{"id":554,"date":"2010-03-13T18:00:28","date_gmt":"2010-03-13T17:00:28","guid":{"rendered":"http:\/\/escolademusicsjpc.wordpress.com\/?p=554"},"modified":"2016-02-03T18:17:06","modified_gmt":"2016-02-03T17:17:06","slug":"concert-cecilio-tieles","status":"publish","type":"post","link":"https:\/\/agora.xtec.cat\/escolademusicsijpc\/general\/concert-cecilio-tieles\/","title":{"rendered":"Concert Cecilio Tieles"},"content":{"rendered":"<p><img loading=\"lazy\" decoding=\"async\" class=\"alignleft size-full wp-image-555\" title=\"Cecilio Tieles\" src=\"http:\/\/agora.xtec.cat\/escolademusicsijpc\/wp-content\/uploads\/usu459\/2010\/03\/cecilio.gif\" alt=\"\" width=\"113\" height=\"160\" \/>El pianista Cecilio Tieles\u00a0 oferir\u00e0 un concert el dia 13 de mar\u00e7 a l\u2019Escola de M\u00fasics, Riera Alta 10 a les 18:00h.<\/p>\n<p>Cecilio Tieles, antic cap de departament de piano del cicle superior del Liceo de Barcelona, interpreta un ampli repertori que compr\u00e8n obres de compositors de diferents \u00e8poques i estils. Un dels seus prop\u00f2sits \u00e9s difondre la m\u00fasica contempor\u00e0nia iberoamericana.<\/p>\n<p>En aquest concert ens oferir\u00e0 peces de M\u00fasica Cubana i peces de Frederic Chopin en commemoraci\u00f3 del centenari del seu naixement el 1810.<\/p>\n","protected":false},"excerpt":{"rendered":"<p>El pianista Cecilio Tieles\u00a0 oferir\u00e0 un concert el dia 13 de mar\u00e7 a l\u2019Escola de M\u00fasics, Riera Alta 10 a les 18:00h.<br \/>\nCecilio Tieles, antic cap de departament de piano del cicle superior del Liceo de Barcelona, interpreta un ampli repertori que compr\u00e8n obres de compositors&hellip;  <a href=\"https:\/\/agora.xtec.cat\/escolademusicsijpc\/general\/concert-cecilio-tieles\/\" title=\"Read Concert Cecilio Tieles\">Llegeix m\u00e9s\u00bb<\/a><\/p>\n","protected":false},"author":1,"featured_media":555,"comment_status":"open","ping_status":"closed","sticky":false,"template":"","format":"standard","meta":{"_bbp_topic_count":0,"_bbp_reply_count":0,"_bbp_total_topic_count":0,"_bbp_total_reply_count":0,"_bbp_voice_count":0,"_bbp_anonymous_reply_count":0,"_bbp_topic_count_hidden":0,"_bbp_reply_count_hidden":0,"_bbp_forum_subforum_count":0,"footnotes":""},"categories":[1],"tags":[81,93],"class_list":["post-554","post","type-post","status-publish","format-standard","has-post-thumbnail","hentry","category-general","tag-concert","tag-piano"],"post_mailing_queue_ids":[],"_links":{"self":[{"href":"https:\/\/agora.xtec.cat\/escolademusicsijpc\/wp-json\/wp\/v2\/posts\/554","targetHints":{"allow":["GET"]}}],"collection":[{"href":"https:\/\/agora.xtec.cat\/escolademusicsijpc\/wp-json\/wp\/v2\/posts"}],"about":[{"href":"https:\/\/agora.xtec.cat\/escolademusicsijpc\/wp-json\/wp\/v2\/types\/post"}],"author":[{"embeddable":true,"href":"https:\/\/agora.xtec.cat\/escolademusicsijpc\/wp-json\/wp\/v2\/users\/1"}],"replies":[{"embeddable":true,"href":"https:\/\/agora.xtec.cat\/escolademusicsijpc\/wp-json\/wp\/v2\/comments?post=554"}],"version-history":[{"count":2,"href":"https:\/\/agora.xtec.cat\/escolademusicsijpc\/wp-json\/wp\/v2\/posts\/554\/revisions"}],"predecessor-version":[{"id":5116,"href":"https:\/\/agora.xtec.cat\/escolademusicsijpc\/wp-json\/wp\/v2\/posts\/554\/revisions\/5116"}],"wp:featuredmedia":[{"embeddable":true,"href":"https:\/\/agora.xtec.cat\/escolademusicsijpc\/wp-json\/wp\/v2\/media\/555"}],"wp:attachment":[{"href":"https:\/\/agora.xtec.cat\/escolademusicsijpc\/wp-json\/wp\/v2\/media?parent=554"}],"wp:term":[{"taxonomy":"category","embeddable":true,"href":"https:\/\/agora.xtec.cat\/escolademusicsijpc\/wp-json\/wp\/v2\/categories?post=554"},{"taxonomy":"post_tag","embeddable":true,"href":"https:\/\/agora.xtec.cat\/escolademusicsijpc\/wp-json\/wp\/v2\/tags?post=554"}],"curies":[{"name":"wp","href":"https:\/\/api.w.org\/{rel}","templated":true}]}}