{"id":5531,"date":"2016-03-10T17:44:45","date_gmt":"2016-03-10T16:44:45","guid":{"rendered":"http:\/\/agora.xtec.cat\/escolademusicsijpc\/?p=5531"},"modified":"2016-03-10T17:44:45","modified_gmt":"2016-03-10T16:44:45","slug":"el-musical-la-bufa","status":"publish","type":"post","link":"https:\/\/agora.xtec.cat\/escolademusicsijpc\/concerts\/el-musical-la-bufa\/","title":{"rendered":"El musical \u201cLa\u00a0bufa\u201d"},"content":{"rendered":"<div class=\"entry-content\">\n<p dir=\"ltr\"><img loading=\"lazy\" decoding=\"async\" class=\"wp-image-4734 alignright\" src=\"https:\/\/lescolademusicsijpc.files.wordpress.com\/2016\/03\/img_20160310_102950.jpg?w=238&amp;h=238\" alt=\"IMG_20160310_102950\" width=\"238\" height=\"238\" \/>Avui L\u2019Escola Rub\u00e9n Dar\u00edo ha representat amb molt d\u2019\u00e8xit el musical \u201cLa bufa\u201d amb els nens i nenes de 3r, dins el projecte de L\u2019Escola de M\u00fasics \u201cAprenem catal\u00e0 tot fent un musical\u201d.<\/p>\n<p dir=\"ltr\">El musical ha estat dirigit per la Marina Pelfort\u00a0i acompanyat pels m\u00fasics Borja Manzano, piano i Bartolom\u00e9 Garc\u00eda-Plata.<img loading=\"lazy\" decoding=\"async\" class=\" wp-image-4733 alignleft\" src=\"https:\/\/lescolademusicsijpc.files.wordpress.com\/2016\/03\/img_20160310_093838.jpg?w=252&amp;h=199\" alt=\"IMG_20160310_093838\" width=\"252\" height=\"199\" \/><\/p>\n<\/div>\n<footer class=\"entry-meta\"><\/footer>\n","protected":false},"excerpt":{"rendered":"<p>Avui L\u2019Escola Rub\u00e9n Dar\u00edo ha representat amb molt d\u2019\u00e8xit el musical \u201cLa bufa\u201d amb els nens i nenes de 3r, dins el projecte de L\u2019Escola de M\u00fasics \u201cAprenem catal\u00e0 tot fent un musical\u201d.<br \/>\nEl musical ha estat dirigit per la Marina Pelfort\u00a0i acompanyat pels m\u00fasics Borja&hellip;  <a href=\"https:\/\/agora.xtec.cat\/escolademusicsijpc\/concerts\/el-musical-la-bufa\/\" title=\"Read El musical \u201cLa\u00a0bufa\u201d\">Llegeix m\u00e9s\u00bb<\/a><\/p>\n","protected":false},"author":3,"featured_media":5533,"comment_status":"open","ping_status":"open","sticky":false,"template":"","format":"standard","meta":{"_bbp_topic_count":0,"_bbp_reply_count":0,"_bbp_total_topic_count":0,"_bbp_total_reply_count":0,"_bbp_voice_count":0,"_bbp_anonymous_reply_count":0,"_bbp_topic_count_hidden":0,"_bbp_reply_count_hidden":0,"_bbp_forum_subforum_count":0,"footnotes":""},"categories":[63,104],"tags":[],"class_list":["post-5531","post","type-post","status-publish","format-standard","has-post-thumbnail","hentry","category-concerts","category-uncategorized"],"post_mailing_queue_ids":[],"_links":{"self":[{"href":"https:\/\/agora.xtec.cat\/escolademusicsijpc\/wp-json\/wp\/v2\/posts\/5531","targetHints":{"allow":["GET"]}}],"collection":[{"href":"https:\/\/agora.xtec.cat\/escolademusicsijpc\/wp-json\/wp\/v2\/posts"}],"about":[{"href":"https:\/\/agora.xtec.cat\/escolademusicsijpc\/wp-json\/wp\/v2\/types\/post"}],"author":[{"embeddable":true,"href":"https:\/\/agora.xtec.cat\/escolademusicsijpc\/wp-json\/wp\/v2\/users\/3"}],"replies":[{"embeddable":true,"href":"https:\/\/agora.xtec.cat\/escolademusicsijpc\/wp-json\/wp\/v2\/comments?post=5531"}],"version-history":[{"count":2,"href":"https:\/\/agora.xtec.cat\/escolademusicsijpc\/wp-json\/wp\/v2\/posts\/5531\/revisions"}],"predecessor-version":[{"id":5534,"href":"https:\/\/agora.xtec.cat\/escolademusicsijpc\/wp-json\/wp\/v2\/posts\/5531\/revisions\/5534"}],"wp:featuredmedia":[{"embeddable":true,"href":"https:\/\/agora.xtec.cat\/escolademusicsijpc\/wp-json\/wp\/v2\/media\/5533"}],"wp:attachment":[{"href":"https:\/\/agora.xtec.cat\/escolademusicsijpc\/wp-json\/wp\/v2\/media?parent=5531"}],"wp:term":[{"taxonomy":"category","embeddable":true,"href":"https:\/\/agora.xtec.cat\/escolademusicsijpc\/wp-json\/wp\/v2\/categories?post=5531"},{"taxonomy":"post_tag","embeddable":true,"href":"https:\/\/agora.xtec.cat\/escolademusicsijpc\/wp-json\/wp\/v2\/tags?post=5531"}],"curies":[{"name":"wp","href":"https:\/\/api.w.org\/{rel}","templated":true}]}}