{"id":5511,"date":"2016-03-10T16:21:57","date_gmt":"2016-03-10T15:21:57","guid":{"rendered":"http:\/\/agora.xtec.cat\/escolademusicsijpc\/?p=5511"},"modified":"2017-11-13T19:30:16","modified_gmt":"2017-11-13T18:30:16","slug":"roda-dinstruments","status":"publish","type":"post","link":"https:\/\/agora.xtec.cat\/escolademusicsijpc\/master-classes\/roda-dinstruments\/","title":{"rendered":"Roda d\u2019instruments"},"content":{"rendered":"<header class=\"entry-header\">\n<p class=\"entry-title\">\u201cEl passat dissabte 5 de mar\u00e7 es va fer un taller pels m\u00e9s petitons de l\u2019escola, els de sensibilitzaci\u00f3 nens de 3 a 5 anys, per provar diferents instruments. Va ser un mat\u00ed molt intens, ja que van passar per 4 instruments cada un d\u2019ells amb un per\u00edode de <span class=\"hiddenGrammarError\">30min<\/span>. <span class=\"hiddenGrammarError\">per<\/span> cadascun d\u2019ells amb grups redu\u00efts. Els joves m\u00fasics s\u2019ho van passar d\u2019all\u00f2 m\u00e9s b\u00e9. Van poder veure un piano per dins, van contar quantes cordes t\u00e9 la guitarra, van fer una caseta a un ocellet per agafar l\u2019arc del violoncel, es van adonar que el viol\u00ed es toca amb un arquet, es va desfogar tocant la bateria, van fer carreres de cotxes bufant per poder tocar la flauta travessera, van veure que les trompetes poden ser de diferents colors i que el tromb\u00f3 encara que sigui gran no pesa res. Va ser brutal veure les cares dels petitons cada vegada que sortien d\u2019un dels tallers somrients i amb ganes de m\u00e9s. I les cares dels pares gaudint tos plegats d\u2019aquest mat\u00ed tan musical.\u201d<\/p>\n<\/header>\n<div class=\"entry-content\">\n<p><img loading=\"lazy\" decoding=\"async\" class=\"alignleft wp-image-4685 size-thumbnail\" src=\"https:\/\/lescolademusicsijpc.files.wordpress.com\/2016\/03\/20160305_100226.jpg?w=84&amp;h=150\" alt=\"20160305_100226\" width=\"84\" height=\"150\" \/><img loading=\"lazy\" decoding=\"async\" class=\"alignleft wp-image-4686 size-thumbnail\" src=\"https:\/\/lescolademusicsijpc.files.wordpress.com\/2016\/03\/20160305_105136.jpg?w=84&amp;h=150\" alt=\"20160305_105136\" width=\"84\" height=\"150\" \/><img loading=\"lazy\" decoding=\"async\" class=\"alignleft wp-image-4687 size-thumbnail\" src=\"https:\/\/lescolademusicsijpc.files.wordpress.com\/2016\/03\/20160305_113059.jpg?w=84&amp;h=150\" alt=\"20160305_113059\" width=\"84\" height=\"150\" \/><img loading=\"lazy\" decoding=\"async\" class=\"alignleft wp-image-4688 size-thumbnail\" src=\"https:\/\/lescolademusicsijpc.files.wordpress.com\/2016\/03\/20160305_112539.jpg?w=84&amp;h=150\" alt=\"20160305_112539\" width=\"84\" height=\"150\" \/><img loading=\"lazy\" decoding=\"async\" class=\"alignleft wp-image-4689 size-thumbnail\" src=\"https:\/\/lescolademusicsijpc.files.wordpress.com\/2016\/03\/20160305_104755.jpg?w=84&amp;h=150\" alt=\"20160305_104755\" width=\"84\" height=\"150\" \/><img loading=\"lazy\" decoding=\"async\" class=\"alignleft wp-image-4690 size-thumbnail\" src=\"https:\/\/lescolademusicsijpc.files.wordpress.com\/2016\/03\/20160305_095303.jpg?w=84&amp;h=150\" alt=\"20160305_095303\" width=\"84\" height=\"150\" \/><img loading=\"lazy\" decoding=\"async\" class=\"alignleft wp-image-4691 size-thumbnail\" src=\"https:\/\/lescolademusicsijpc.files.wordpress.com\/2016\/03\/20160305_095320.jpg?w=84&amp;h=150\" alt=\"20160305_095320\" width=\"84\" height=\"150\" \/><img loading=\"lazy\" decoding=\"async\" class=\"alignleft wp-image-4692 size-thumbnail\" src=\"https:\/\/lescolademusicsijpc.files.wordpress.com\/2016\/03\/20160305_115432.jpg?w=84&amp;h=150\" alt=\"20160305_115432\" width=\"84\" height=\"150\" \/><img loading=\"lazy\" decoding=\"async\" class=\"alignleft wp-image-4693 size-thumbnail\" src=\"https:\/\/lescolademusicsijpc.files.wordpress.com\/2016\/03\/20160305_115503.jpg?w=84&amp;h=150\" alt=\"20160305_115503\" width=\"84\" height=\"150\" \/><img loading=\"lazy\" decoding=\"async\" class=\"alignleft wp-image-4694 size-thumbnail\" src=\"https:\/\/lescolademusicsijpc.files.wordpress.com\/2016\/03\/20160305_112044.jpg?w=84&amp;h=150\" alt=\"20160305_112044\" width=\"84\" height=\"150\" \/><img loading=\"lazy\" decoding=\"async\" class=\"alignleft wp-image-4695 size-thumbnail\" src=\"https:\/\/lescolademusicsijpc.files.wordpress.com\/2016\/03\/20160305_102855.jpg?w=84&amp;h=150\" alt=\"20160305_102855\" width=\"84\" height=\"150\" \/><img loading=\"lazy\" decoding=\"async\" class=\"alignleft wp-image-4684 size-thumbnail\" src=\"https:\/\/lescolademusicsijpc.files.wordpress.com\/2016\/03\/20160305_094924.jpg?w=150&amp;h=84\" alt=\"20160305_094924\" width=\"150\" height=\"84\" \/><\/p>\n<div id=\"jp-post-flair\" class=\"sharedaddy sd-like-enabled sd-sharing-enabled\"><\/div>\n<\/div>\n","protected":false},"excerpt":{"rendered":"<p>\u201cEl passat dissabte 5 de mar\u00e7 es va fer un taller pels m\u00e9s petitons de l\u2019escola, els de sensibilitzaci\u00f3 nens de 3 a 5 anys, per provar diferents instruments. Va ser un mat\u00ed molt intens, ja que van passar per 4 instruments cada un d\u2019ells&hellip;  <a href=\"https:\/\/agora.xtec.cat\/escolademusicsijpc\/master-classes\/roda-dinstruments\/\" title=\"Read Roda d\u2019instruments\">Llegeix m\u00e9s\u00bb<\/a><\/p>\n","protected":false},"author":3,"featured_media":5496,"comment_status":"open","ping_status":"closed","sticky":false,"template":"","format":"standard","meta":{"_bbp_topic_count":0,"_bbp_reply_count":0,"_bbp_total_topic_count":0,"_bbp_total_reply_count":0,"_bbp_voice_count":0,"_bbp_anonymous_reply_count":0,"_bbp_topic_count_hidden":0,"_bbp_reply_count_hidden":0,"_bbp_forum_subforum_count":0,"footnotes":""},"categories":[69,104],"tags":[],"class_list":["post-5511","post","type-post","status-publish","format-standard","has-post-thumbnail","hentry","category-master-classes","category-uncategorized"],"post_mailing_queue_ids":[],"_links":{"self":[{"href":"https:\/\/agora.xtec.cat\/escolademusicsijpc\/wp-json\/wp\/v2\/posts\/5511","targetHints":{"allow":["GET"]}}],"collection":[{"href":"https:\/\/agora.xtec.cat\/escolademusicsijpc\/wp-json\/wp\/v2\/posts"}],"about":[{"href":"https:\/\/agora.xtec.cat\/escolademusicsijpc\/wp-json\/wp\/v2\/types\/post"}],"author":[{"embeddable":true,"href":"https:\/\/agora.xtec.cat\/escolademusicsijpc\/wp-json\/wp\/v2\/users\/3"}],"replies":[{"embeddable":true,"href":"https:\/\/agora.xtec.cat\/escolademusicsijpc\/wp-json\/wp\/v2\/comments?post=5511"}],"version-history":[{"count":3,"href":"https:\/\/agora.xtec.cat\/escolademusicsijpc\/wp-json\/wp\/v2\/posts\/5511\/revisions"}],"predecessor-version":[{"id":6183,"href":"https:\/\/agora.xtec.cat\/escolademusicsijpc\/wp-json\/wp\/v2\/posts\/5511\/revisions\/6183"}],"wp:featuredmedia":[{"embeddable":true,"href":"https:\/\/agora.xtec.cat\/escolademusicsijpc\/wp-json\/wp\/v2\/media\/5496"}],"wp:attachment":[{"href":"https:\/\/agora.xtec.cat\/escolademusicsijpc\/wp-json\/wp\/v2\/media?parent=5511"}],"wp:term":[{"taxonomy":"category","embeddable":true,"href":"https:\/\/agora.xtec.cat\/escolademusicsijpc\/wp-json\/wp\/v2\/categories?post=5511"},{"taxonomy":"post_tag","embeddable":true,"href":"https:\/\/agora.xtec.cat\/escolademusicsijpc\/wp-json\/wp\/v2\/tags?post=5511"}],"curies":[{"name":"wp","href":"https:\/\/api.w.org\/{rel}","templated":true}]}}