{"id":5486,"date":"2016-03-01T20:06:51","date_gmt":"2016-03-01T19:06:51","guid":{"rendered":"http:\/\/agora.xtec.cat\/escolademusicsijpc\/?p=5486"},"modified":"2016-03-01T20:06:51","modified_gmt":"2016-03-01T19:06:51","slug":"matriculacio-curs-2016-2017","status":"publish","type":"post","link":"https:\/\/agora.xtec.cat\/escolademusicsijpc\/uncategorized\/matriculacio-curs-2016-2017\/","title":{"rendered":"Matriculaci\u00f3 curs 2016-2017"},"content":{"rendered":"<p>Benvolguts alumnes, mares i pares de l\u2019Escola de M\u00fasics i Escola de M\u00fasica JPC.<\/p>\n<p>Us comuniquem que a partir del 7 de mar\u00e7 ja podreu fer la <strong><u>preinscripci\u00f3 per al curs 2016-17.<\/u><\/strong><\/p>\n<p>Us fem arribar la normativa, dies i horaris de preinscripci\u00f3 i matriculaci\u00f3.<\/p>\n<p>Us informem que el dissabte 5 de mar\u00e7 farem proves d\u2019instrument per a tots aquells alumnes que es vulguin matricular d\u2019un segon instrument el curs vinent. Per concretar els horaris de les proves poseu-vos en contacte amb secretaria.<\/p>\n<p><strong><u>Criteris a l\u2019hora de fer els horaris<\/u><\/strong><\/p>\n<ol>\n<li>Tindran prefer\u00e8ncia els alumnes que facin el programa oficial.<\/li>\n<\/ol>\n<ul>\n<li><strong>Classes Grupals: <\/strong>\u00a0Tindran prefer\u00e8ncia tots aquells antics alumnes que es preinscriguin en el programa oficial i <strong>es tancaran els grups per estricte ordre d\u2019arribada.<\/strong><\/li>\n<li><strong>Classes individuals<\/strong>: Tindran prefer\u00e8ncia tots aquells antics alumnes que es preinscriguin en el programa oficial i <strong>els horaris es confeccionaran segons l\u2019edat de cada alumne<\/strong> (els petits m\u00e9s aviat i els grans m\u00e9s tard).<\/li>\n<\/ul>\n<ol>\n<li>Tindran prefer\u00e8ncia hor\u00e0ria tots aquells alumnes que es matriculin abans del 5 d\u2019abril.<\/li>\n<li>Germans.<\/li>\n<li>Antiguitat a l\u2019escola.<\/li>\n<\/ol>\n<p><strong><u>Preincripci\u00f3 curs 2016-17<\/u><\/strong><strong>:\u00a0\u00a0<\/strong><\/p>\n<p>Els alumnes que tinguin mensualitats pendents de pagament hauran d\u2019abonar-les abans de fer la preinscripci\u00f3.<\/p>\n<p><strong><u>Preus preinscripci\u00f3<\/u><\/strong><\/p>\n<table width=\"584\">\n<tbody>\n<tr>\n<td width=\"169\">Programa oficial<\/td>\n<td width=\"217\">Programa lliure<\/p>\n<p>(amb alguna assignatura grupal)<\/td>\n<td width=\"197\">Programa lliure<\/p>\n<p>( sense assignatura grupal)<\/td>\n<\/tr>\n<tr>\n<td width=\"169\">50\u20ac<\/td>\n<td width=\"217\">60\u20ac<\/td>\n<td width=\"197\">80\u20ac<\/td>\n<\/tr>\n<\/tbody>\n<\/table>\n<p><strong><u>Descomptes preinscripci\u00f3 del 7 al 18 de mar\u00e7.\u00a0<\/u><\/strong><\/p>\n<ul>\n<li><strong>60%\u00a0 &#8211;\u00a0 Alumnes del programa oficial.<\/strong><\/li>\n<li><strong>30%\u00a0 &#8211;\u00a0 Alumnes del programa lliure (amb assignatura grupal)<\/strong><\/li>\n<li><strong>15%\u00a0 &#8211;\u00a0 Alumnes del programa lliure (sense assignatura grupal)<\/strong><\/li>\n<\/ul>\n<p><strong>Confirmaci\u00f3 d\u2019horaris i matriculaci\u00f3:<\/strong><\/p>\n<ul>\n<li><strong>Del 2 al 6 de maig:<\/strong> alumnes preinscrits en el programa oficial.<\/li>\n<li><strong>Del 9 al 13 de maig:<\/strong> alumnes preinscrits en el programa lliure.<\/li>\n<\/ul>\n<p><strong>Tots aquells alumnes que no confirmin els horaris de la preinscripci\u00f3 i no signin la matr\u00edcula en el termini marcat, perdran els horaris assignats. L\u2019escola disposar\u00e0 d\u2019aquests horaris per fer canvis o per preinscriure nous alumnes.<\/strong><\/p>\n<p><strong>Horaris de secretaria<\/strong><\/p>\n<table width=\"567\">\n<tbody>\n<tr>\n<td width=\"302\">Matins:<\/p>\n<p>de dilluns a dissabte de 10 a 14h<\/p>\n<p>C\/ Carme 15-17<\/p>\n<p>Tel: 93 301 07 18<\/td>\n<td width=\"265\">Tardes:<\/p>\n<p>de dilluns a divendres de 16 a 21 h<\/p>\n<p>C\/ Riera Alta 10, 43 i C\/ Carme 15-17<\/p>\n<p>Tel: 93 441 00 31<\/td>\n<\/tr>\n<\/tbody>\n<\/table>\n<p>L\u2019Escola aconsella seguir la programaci\u00f3 oficial que us adjuntem a continuaci\u00f3, i que s\u2019acreditar\u00e0 amb els seg\u00fcents diplomes:<\/p>\n<p><strong><u>Diploma acreditatiu de nivell elemental<\/u><\/strong><\/p>\n<ul>\n<li>Assignatures m\u00ednimes que s\u2019han de cursar per l\u2019obtenci\u00f3 del diploma:<\/li>\n<li>6 cursos d\u2019instrument<\/li>\n<li>6 cursos de llenguatge musical<\/li>\n<li>4 cursos: de grup instrumental o d\u2019orquestra<\/li>\n<\/ul>\n<p><strong><u>Diploma acreditatiu de nivell professional (mitj\u00e0)<\/u><\/strong><\/p>\n<ul>\n<li>Assignatures m\u00ednimes que s\u2019han de cursar per l\u2019obtenci\u00f3 del diploma:<\/li>\n<li>6 cursos d\u2019instrument<\/li>\n<li>4 cursos de Llenguatge musical + 4 cursos d\u2019 harmonia<\/li>\n<li>2 cursos de dictat i harmonia aplicada a l\u2019an\u00e0lisi, l\u2019audici\u00f3 i la hist\u00f2ria de la m\u00fasica,\u00a0\u00a0 o d\u2019arranjaments i harmonia moderna<\/li>\n<li>6 cursos de cant coral, grup instrumental o orquestra.<\/li>\n<li>6 cursos de segon instrument<\/li>\n<\/ul>\n<p>Volem remarcar que aquesta programaci\u00f3 no \u00e9s obligat\u00f2ria.<\/p>\n<p>L\u2019Escola d\u00f3na l\u2019opci\u00f3 de seguir el projecte curricular per mitj\u00e0 d\u2019un programa lliure.<\/p>\n<p>L\u2019Escola es caracteritza per la seva flexibilitat, adaptant al m\u00e0xim possible la seva<\/p>\n<p>programaci\u00f3 curricular a les caracter\u00edstiques i necessitats particulars de cada alumne.<\/p>\n<p>Si teniu dubtes de com fer la preinscripci\u00f3 o de quines assignatures matricular-vos, us podeu posar en contacte amb el professor\/a d\u2019instrument (tutor), amb secretaria o concretar una reuni\u00f3 individual amb direcci\u00f3. Tamb\u00e9 us adjuntem un dossier, on trobareu informaci\u00f3 de l\u2019Escola (ideari, programaci\u00f3, assignatures, professorat, activitats i d&#8217;altres).<\/p>\n<p>Per a qualsevol dubte, ens podeu trobar en els horaris habituals de secretaria:<\/p>\n<p>C\/ Carme 15-17<\/p>\n<p>Matins: de dilluns a divendres de 10 a 14 h<\/p>\n<p>Tardes: de dilluns a divendres de 16 a 21h<\/p>\n<p>Dissabte: de 9 a 14h<\/p>\n<p>Tel: 93 301 07 18<\/p>\n<p>C\/ Riera Alta 10 i 43<\/p>\n<p>Tardes: de dilluns a divendres\u00a0 de 16 a 21 h<\/p>\n<p>Tel: 93 441 00 31<\/p>\n<p>L\u2019Escola de M\u00fasics i Escola de M\u00fasica JPC<\/p>\n","protected":false},"excerpt":{"rendered":"<p>Benvolguts alumnes, mares i pares de l\u2019Escola de M\u00fasics i Escola de M\u00fasica JPC.<br \/>\nUs comuniquem que a partir del 7 de mar\u00e7 ja podreu fer la preinscripci\u00f3 per al curs 2016-17.<br \/>\nUs fem arribar la normativa, dies i horaris de preinscripci\u00f3 i matriculaci\u00f3.<br \/>\nUs informem que el&hellip;  <a href=\"https:\/\/agora.xtec.cat\/escolademusicsijpc\/uncategorized\/matriculacio-curs-2016-2017\/\" title=\"Read Matriculaci\u00f3 curs 2016-2017\">Llegeix m\u00e9s\u00bb<\/a><\/p>\n","protected":false},"author":3,"featured_media":0,"comment_status":"open","ping_status":"open","sticky":false,"template":"","format":"standard","meta":{"_bbp_topic_count":0,"_bbp_reply_count":0,"_bbp_total_topic_count":0,"_bbp_total_reply_count":0,"_bbp_voice_count":0,"_bbp_anonymous_reply_count":0,"_bbp_topic_count_hidden":0,"_bbp_reply_count_hidden":0,"_bbp_forum_subforum_count":0,"footnotes":""},"categories":[104],"tags":[],"class_list":["post-5486","post","type-post","status-publish","format-standard","hentry","category-uncategorized"],"post_mailing_queue_ids":[],"_links":{"self":[{"href":"https:\/\/agora.xtec.cat\/escolademusicsijpc\/wp-json\/wp\/v2\/posts\/5486","targetHints":{"allow":["GET"]}}],"collection":[{"href":"https:\/\/agora.xtec.cat\/escolademusicsijpc\/wp-json\/wp\/v2\/posts"}],"about":[{"href":"https:\/\/agora.xtec.cat\/escolademusicsijpc\/wp-json\/wp\/v2\/types\/post"}],"author":[{"embeddable":true,"href":"https:\/\/agora.xtec.cat\/escolademusicsijpc\/wp-json\/wp\/v2\/users\/3"}],"replies":[{"embeddable":true,"href":"https:\/\/agora.xtec.cat\/escolademusicsijpc\/wp-json\/wp\/v2\/comments?post=5486"}],"version-history":[{"count":1,"href":"https:\/\/agora.xtec.cat\/escolademusicsijpc\/wp-json\/wp\/v2\/posts\/5486\/revisions"}],"predecessor-version":[{"id":5487,"href":"https:\/\/agora.xtec.cat\/escolademusicsijpc\/wp-json\/wp\/v2\/posts\/5486\/revisions\/5487"}],"wp:attachment":[{"href":"https:\/\/agora.xtec.cat\/escolademusicsijpc\/wp-json\/wp\/v2\/media?parent=5486"}],"wp:term":[{"taxonomy":"category","embeddable":true,"href":"https:\/\/agora.xtec.cat\/escolademusicsijpc\/wp-json\/wp\/v2\/categories?post=5486"},{"taxonomy":"post_tag","embeddable":true,"href":"https:\/\/agora.xtec.cat\/escolademusicsijpc\/wp-json\/wp\/v2\/tags?post=5486"}],"curies":[{"name":"wp","href":"https:\/\/api.w.org\/{rel}","templated":true}]}}