{"id":5237,"date":"2016-02-05T16:43:43","date_gmt":"2016-02-05T15:43:43","guid":{"rendered":"http:\/\/agora.xtec.cat\/escolademusicsijpc\/?p=5237"},"modified":"2016-02-15T20:16:22","modified_gmt":"2016-02-15T19:16:22","slug":"portes-obertes-pau-claris-2016","status":"publish","type":"post","link":"https:\/\/agora.xtec.cat\/escolademusicsijpc\/uncategorized\/portes-obertes-pau-claris-2016\/","title":{"rendered":"Portes obertes Pau Claris 2016"},"content":{"rendered":"<p><strong><a href=\"http:\/\/agora.xtec.cat\/escolademusicsijpc\/wp-content\/uploads\/usu459\/2016\/02\/pauclaris.gif\"><img loading=\"lazy\" decoding=\"async\" class=\" size-full wp-image-5239 alignright\" src=\"http:\/\/agora.xtec.cat\/escolademusicsijpc\/wp-content\/uploads\/usu459\/2016\/02\/pauclaris.gif\" alt=\"pauclaris\" width=\"260\" height=\"106\" \/><\/a>Benvolguts alumnes, mares i pares de l\u2019Escola de M\u00fasics i JPC.<\/strong> <strong>Aquest article\u00a0est\u00e0 adre\u00e7at a totes aquelles fam\u00edlies que estiguin interessades en buscar un institut que s\u2019adapti el m\u00e0xim possible a les necessitats educatives dels vostres fills (estudiants de m\u00fasica), pel proper curs o per futurs cursos. <\/strong><em>La Directora de l\u2019Institut Pau Claris m\u2019ha enviat aquest correu electr\u00f2nic convocant a totes aquelles fam\u00edlies que estiguin interessades en con\u00e8ixer el seu projecte educatiu i musical, que actualment estan aplicant, conjuntament\u00a0 amb L\u2019Escola de M\u00fasics i JPC.<\/em> <em>Portes Obertes<\/em><\/p>\n<ol>\n<li><em>El dimecres, 10 de febrer, a les 17h<\/em><\/li>\n<li><em>El dilluns, 22 de febrer, a les 16h<\/em><\/li>\n<\/ol>\n<p><em>Les fam\u00edlies interessades poden confirmar assist\u00e8ncia de dues maneres:<\/em><\/p>\n<ol>\n<li><em>Responent a:<\/em><\/li>\n<\/ol>\n<p><span style=\"color: #ff0000;\"><a style=\"color: #ff0000;\" href=\"https:\/\/docs.google.com\/a\/iespauclaris.org\/forms\/d\/1Xa2QuYa5s7c425enmwTMwLyNt-V_kFutr52XLWbKoCA\/viewform\"><em>https:\/\/docs.google.com\/a\/iespauclaris.org\/forms\/d\/1Xa2QuYa5s7c425enmwTMwLyNt-V_kFutr52XLWbKoCA\/viewform<\/em><\/a><\/span><\/p>\n<ol>\n<li><em>Trucant a la consergeria del centre, al tel\u00e8fon <strong>93 320 80 78<\/strong><\/em><\/li>\n<\/ol>\n<p><em>Si et sembla pots fer arribar aquesta informaci\u00f3 a les persones interessades. Posarem tamb\u00e9 un enlla\u00e7 a la p\u00e0gina web del centre ( <\/em><span style=\"color: #ff0000;\"><a style=\"color: #ff0000;\" href=\"http:\/\/iespauclaris.org\/\"><em>http:\/\/iespauclaris.org\/<\/em><\/a><\/span><em> )<\/em> <strong>Espero que aquesta informaci\u00f3 sigui del vostre inter\u00e8s i que aquelles fam\u00edlies que estan interessades tinguin l\u2019oportunitat de anar a les portes obertes de l\u2019institut Pau Claris<\/strong><strong> Per a qualsevol dubte, ens podeu trobar als horaris habituals de secretaria: Matins de dilluns a divendres de 10 a 14 h C\/Carme 15-17 Tel: 933 010 718 Tardes de dilluns a divendres de 16 a 21 h C\/Riera Alta 10 i 43, C\/Carme 15-17 Tel: 934 410 031 Molt cordialment Jordi Farr\u00e9s L\u2019Escola de M\u00fasics i JPC<\/strong><\/p>\n","protected":false},"excerpt":{"rendered":"<p><a href=\"http:\/\/agora.xtec.cat\/escolademusicsijpc\/wp-content\/uploads\/usu459\/2016\/02\/pauclaris.gif\"><\/a>Benvolguts alumnes, mares i pares de l\u2019Escola de M\u00fasics i JPC. Aquest article\u00a0est\u00e0 adre\u00e7at a totes aquelles fam\u00edlies que estiguin interessades en buscar un institut que s\u2019adapti el m\u00e0xim possible a les necessitats educatives dels vostres fills (estudiants de m\u00fasica), pel proper curs o&hellip;  <a href=\"https:\/\/agora.xtec.cat\/escolademusicsijpc\/uncategorized\/portes-obertes-pau-claris-2016\/\" title=\"Read Portes obertes Pau Claris 2016\">Llegeix m\u00e9s\u00bb<\/a><\/p>\n","protected":false},"author":3,"featured_media":5239,"comment_status":"open","ping_status":"open","sticky":false,"template":"","format":"standard","meta":{"_bbp_topic_count":0,"_bbp_reply_count":0,"_bbp_total_topic_count":0,"_bbp_total_reply_count":0,"_bbp_voice_count":0,"_bbp_anonymous_reply_count":0,"_bbp_topic_count_hidden":0,"_bbp_reply_count_hidden":0,"_bbp_forum_subforum_count":0,"footnotes":""},"categories":[104],"tags":[],"class_list":["post-5237","post","type-post","status-publish","format-standard","has-post-thumbnail","hentry","category-uncategorized"],"post_mailing_queue_ids":[],"_links":{"self":[{"href":"https:\/\/agora.xtec.cat\/escolademusicsijpc\/wp-json\/wp\/v2\/posts\/5237","targetHints":{"allow":["GET"]}}],"collection":[{"href":"https:\/\/agora.xtec.cat\/escolademusicsijpc\/wp-json\/wp\/v2\/posts"}],"about":[{"href":"https:\/\/agora.xtec.cat\/escolademusicsijpc\/wp-json\/wp\/v2\/types\/post"}],"author":[{"embeddable":true,"href":"https:\/\/agora.xtec.cat\/escolademusicsijpc\/wp-json\/wp\/v2\/users\/3"}],"replies":[{"embeddable":true,"href":"https:\/\/agora.xtec.cat\/escolademusicsijpc\/wp-json\/wp\/v2\/comments?post=5237"}],"version-history":[{"count":2,"href":"https:\/\/agora.xtec.cat\/escolademusicsijpc\/wp-json\/wp\/v2\/posts\/5237\/revisions"}],"predecessor-version":[{"id":5240,"href":"https:\/\/agora.xtec.cat\/escolademusicsijpc\/wp-json\/wp\/v2\/posts\/5237\/revisions\/5240"}],"wp:featuredmedia":[{"embeddable":true,"href":"https:\/\/agora.xtec.cat\/escolademusicsijpc\/wp-json\/wp\/v2\/media\/5239"}],"wp:attachment":[{"href":"https:\/\/agora.xtec.cat\/escolademusicsijpc\/wp-json\/wp\/v2\/media?parent=5237"}],"wp:term":[{"taxonomy":"category","embeddable":true,"href":"https:\/\/agora.xtec.cat\/escolademusicsijpc\/wp-json\/wp\/v2\/categories?post=5237"},{"taxonomy":"post_tag","embeddable":true,"href":"https:\/\/agora.xtec.cat\/escolademusicsijpc\/wp-json\/wp\/v2\/tags?post=5237"}],"curies":[{"name":"wp","href":"https:\/\/api.w.org\/{rel}","templated":true}]}}