{"id":477,"date":"2010-03-13T10:00:08","date_gmt":"2010-03-13T09:00:08","guid":{"rendered":"http:\/\/escolademusicsjpc.wordpress.com\/?p=477"},"modified":"2016-02-10T18:05:33","modified_gmt":"2016-02-10T17:05:33","slug":"master-classes-pablo-cortes-aviles","status":"publish","type":"post","link":"https:\/\/agora.xtec.cat\/escolademusicsijpc\/master-classes\/master-classes-pablo-cortes-aviles\/","title":{"rendered":"Master Classes Pablo Cort\u00e9s Avil\u00e9s"},"content":{"rendered":"<p><img loading=\"lazy\" decoding=\"async\" class=\"alignright wp-image-478 size-full\" title=\"m\u00e0ster de viol\u00ed\" src=\"http:\/\/agora.xtec.cat\/escolademusicsijpc\/wp-content\/uploads\/usu459\/2010\/02\/violi.gif\" alt=\"\" width=\"141\" height=\"200\" \/>Pablo Cort\u00e9s Avil\u00e9s \u00e9s el creador del\u00a0 m\u00e8tode &#8220;<em>N\u00edcolo&#8221;<\/em> ideal per a ser utilitzat durant la 1\u00aa etapa del nivell elemental de la LOGSE. Introdueix de forma amena i pr\u00e0ctica la t\u00e8cnica de l&#8217;arc i de la m\u00e0 esquerra, alhora que afavoreix l&#8217;educaci\u00f3 del gust musical, imprescindible per a adquirir una bona base.<\/p>\n<p>Actualment \u00e9s professor de viol\u00ed en el centre d&#8217;estudis art\u00edstic Oriol Martorell i \u00e9s convidat com a professor a nombrosos cursos a tot l&#8217;Estat Espanyol.<\/p>\n<ul>\n<li>13 de Mar\u00e7 a les 10h. a Riera Alta 10<\/li>\n<\/ul>\n","protected":false},"excerpt":{"rendered":"<p>Pablo Cort\u00e9s Avil\u00e9s \u00e9s el creador del\u00a0 m\u00e8tode &#8220;N\u00edcolo&#8221; ideal per a ser utilitzat durant la 1\u00aa etapa del nivell elemental de la LOGSE. Introdueix de forma amena i pr\u00e0ctica la t\u00e8cnica de l&#8217;arc i de la m\u00e0 esquerra, alhora que afavoreix l&#8217;educaci\u00f3 del gust&hellip;  <a href=\"https:\/\/agora.xtec.cat\/escolademusicsijpc\/master-classes\/master-classes-pablo-cortes-aviles\/\" title=\"Read Master Classes Pablo Cort\u00e9s Avil\u00e9s\">Llegeix m\u00e9s\u00bb<\/a><\/p>\n","protected":false},"author":1,"featured_media":478,"comment_status":"open","ping_status":"closed","sticky":false,"template":"","format":"standard","meta":{"_bbp_topic_count":0,"_bbp_reply_count":0,"_bbp_total_topic_count":0,"_bbp_total_reply_count":0,"_bbp_voice_count":0,"_bbp_anonymous_reply_count":0,"_bbp_topic_count_hidden":0,"_bbp_reply_count_hidden":0,"_bbp_forum_subforum_count":0,"footnotes":""},"categories":[69],"tags":[89,100],"class_list":["post-477","post","type-post","status-publish","format-standard","has-post-thumbnail","hentry","category-master-classes","tag-master-classes","tag-violi"],"post_mailing_queue_ids":[],"_links":{"self":[{"href":"https:\/\/agora.xtec.cat\/escolademusicsijpc\/wp-json\/wp\/v2\/posts\/477","targetHints":{"allow":["GET"]}}],"collection":[{"href":"https:\/\/agora.xtec.cat\/escolademusicsijpc\/wp-json\/wp\/v2\/posts"}],"about":[{"href":"https:\/\/agora.xtec.cat\/escolademusicsijpc\/wp-json\/wp\/v2\/types\/post"}],"author":[{"embeddable":true,"href":"https:\/\/agora.xtec.cat\/escolademusicsijpc\/wp-json\/wp\/v2\/users\/1"}],"replies":[{"embeddable":true,"href":"https:\/\/agora.xtec.cat\/escolademusicsijpc\/wp-json\/wp\/v2\/comments?post=477"}],"version-history":[{"count":2,"href":"https:\/\/agora.xtec.cat\/escolademusicsijpc\/wp-json\/wp\/v2\/posts\/477\/revisions"}],"predecessor-version":[{"id":5368,"href":"https:\/\/agora.xtec.cat\/escolademusicsijpc\/wp-json\/wp\/v2\/posts\/477\/revisions\/5368"}],"wp:featuredmedia":[{"embeddable":true,"href":"https:\/\/agora.xtec.cat\/escolademusicsijpc\/wp-json\/wp\/v2\/media\/478"}],"wp:attachment":[{"href":"https:\/\/agora.xtec.cat\/escolademusicsijpc\/wp-json\/wp\/v2\/media?parent=477"}],"wp:term":[{"taxonomy":"category","embeddable":true,"href":"https:\/\/agora.xtec.cat\/escolademusicsijpc\/wp-json\/wp\/v2\/categories?post=477"},{"taxonomy":"post_tag","embeddable":true,"href":"https:\/\/agora.xtec.cat\/escolademusicsijpc\/wp-json\/wp\/v2\/tags?post=477"}],"curies":[{"name":"wp","href":"https:\/\/api.w.org\/{rel}","templated":true}]}}