{"id":4448,"date":"2015-12-01T18:22:42","date_gmt":"2015-12-01T17:22:42","guid":{"rendered":"https:\/\/lescolademusicsijpc.wordpress.com\/?p=4448"},"modified":"2016-02-16T20:45:47","modified_gmt":"2016-02-16T19:45:47","slug":"la-cantada-de-nadales-del-palau-guell","status":"publish","type":"post","link":"https:\/\/agora.xtec.cat\/escolademusicsijpc\/corals\/la-cantada-de-nadales-del-palau-guell\/","title":{"rendered":"La Cantada de Nadales del Palau G\u00fcell"},"content":{"rendered":"<p><a href=\"http:\/\/agora.xtec.cat\/escolademusicsijpc\/wp-content\/uploads\/usu459\/2015\/12\/img_20151117_163749.jpg\" rel=\"attachment wp-att-4449\"><img loading=\"lazy\" decoding=\"async\" class=\"size-medium wp-image-4449 alignright\" src=\"http:\/\/agora.xtec.cat\/escolademusicsijpc\/wp-content\/uploads\/usu459\/2015\/12\/img_20151117_163749.jpg?w=251\" alt=\"IMG_20151117_163749\" width=\"251\" height=\"300\" srcset=\"https:\/\/agora.xtec.cat\/escolademusicsijpc\/wp-content\/uploads\/usu459\/2015\/12\/img_20151117_163749.jpg 3456w, https:\/\/agora.xtec.cat\/escolademusicsijpc\/wp-content\/uploads\/usu459\/2015\/12\/img_20151117_163749-251x300.jpg 251w, https:\/\/agora.xtec.cat\/escolademusicsijpc\/wp-content\/uploads\/usu459\/2015\/12\/img_20151117_163749-855x1024.jpg 855w\" sizes=\"auto, (max-width: 251px) 100vw, 251px\" \/><\/a>El Palau G\u00fcell desitja unes bones festes de Nadal amb la segona &#8216;Cantada de Nadales del Palau G\u00fcell&#8217; el dijous que se celebrar\u00e0 el 17 de desembre i anir\u00e0 a c\u00e0rrec del Cor de Mitjans de l&#8217;escola Vedruna \u00c0ngels, amb la direcci\u00f3 musical de Cristina Colomer i Termens i Joaquim Tardido Pe\u0301rez al piano. Les audicions tindran lloc al sal\u00f3 central a les 10.30 h i 11.30 h (30 minuts de duraci\u00f3 aproximadament). Activitat inclosa en el preu de l&#8217;entrada.<\/p>\n<p><a href=\"http:\/\/palauguell.cat\/la-cantada-de-nadales-del-palau-guell\">La Cantada de Nadales del Palau G\u00fcell \u00b7 P\u00e0gina Web<\/a><\/p>\n","protected":false},"excerpt":{"rendered":"<p><a href=\"http:\/\/agora.xtec.cat\/escolademusicsijpc\/wp-content\/uploads\/usu459\/2015\/12\/img_20151117_163749.jpg\" rel=\"attachment wp-att-4449\"><\/a>El Palau G\u00fcell desitja unes bones festes de Nadal amb la segona &#8216;Cantada de Nadales del Palau G\u00fcell&#8217; el dijous que se celebrar\u00e0 el 17 de desembre i anir\u00e0 a c\u00e0rrec del Cor de Mitjans de l&#8217;escola Vedruna \u00c0ngels, amb la direcci\u00f3&hellip;  <a href=\"https:\/\/agora.xtec.cat\/escolademusicsijpc\/corals\/la-cantada-de-nadales-del-palau-guell\/\" title=\"Read La Cantada de Nadales del Palau G\u00fcell\">Llegeix m\u00e9s\u00bb<\/a><\/p>\n","protected":false},"author":1,"featured_media":4449,"comment_status":"open","ping_status":"open","sticky":false,"template":"","format":"standard","meta":{"_bbp_topic_count":0,"_bbp_reply_count":0,"_bbp_total_topic_count":0,"_bbp_total_reply_count":0,"_bbp_voice_count":0,"_bbp_anonymous_reply_count":0,"_bbp_topic_count_hidden":0,"_bbp_reply_count_hidden":0,"_bbp_forum_subforum_count":0,"footnotes":""},"categories":[66,104],"tags":[],"class_list":["post-4448","post","type-post","status-publish","format-standard","has-post-thumbnail","hentry","category-corals","category-uncategorized"],"post_mailing_queue_ids":[],"_links":{"self":[{"href":"https:\/\/agora.xtec.cat\/escolademusicsijpc\/wp-json\/wp\/v2\/posts\/4448","targetHints":{"allow":["GET"]}}],"collection":[{"href":"https:\/\/agora.xtec.cat\/escolademusicsijpc\/wp-json\/wp\/v2\/posts"}],"about":[{"href":"https:\/\/agora.xtec.cat\/escolademusicsijpc\/wp-json\/wp\/v2\/types\/post"}],"author":[{"embeddable":true,"href":"https:\/\/agora.xtec.cat\/escolademusicsijpc\/wp-json\/wp\/v2\/users\/1"}],"replies":[{"embeddable":true,"href":"https:\/\/agora.xtec.cat\/escolademusicsijpc\/wp-json\/wp\/v2\/comments?post=4448"}],"version-history":[{"count":2,"href":"https:\/\/agora.xtec.cat\/escolademusicsijpc\/wp-json\/wp\/v2\/posts\/4448\/revisions"}],"predecessor-version":[{"id":4943,"href":"https:\/\/agora.xtec.cat\/escolademusicsijpc\/wp-json\/wp\/v2\/posts\/4448\/revisions\/4943"}],"wp:featuredmedia":[{"embeddable":true,"href":"https:\/\/agora.xtec.cat\/escolademusicsijpc\/wp-json\/wp\/v2\/media\/4449"}],"wp:attachment":[{"href":"https:\/\/agora.xtec.cat\/escolademusicsijpc\/wp-json\/wp\/v2\/media?parent=4448"}],"wp:term":[{"taxonomy":"category","embeddable":true,"href":"https:\/\/agora.xtec.cat\/escolademusicsijpc\/wp-json\/wp\/v2\/categories?post=4448"},{"taxonomy":"post_tag","embeddable":true,"href":"https:\/\/agora.xtec.cat\/escolademusicsijpc\/wp-json\/wp\/v2\/tags?post=4448"}],"curies":[{"name":"wp","href":"https:\/\/api.w.org\/{rel}","templated":true}]}}