{"id":443,"date":"2010-02-20T16:21:36","date_gmt":"2010-02-20T15:21:36","guid":{"rendered":"http:\/\/escolademusicsjpc.wordpress.com\/?p=443"},"modified":"2010-02-20T16:21:36","modified_gmt":"2010-02-20T15:21:36","slug":"ravalstoltada","status":"publish","type":"post","link":"https:\/\/agora.xtec.cat\/escolademusicsijpc\/grups\/ravals-band\/ravalstoltada\/","title":{"rendered":"Ravalstoltada!"},"content":{"rendered":"<p><img loading=\"lazy\" decoding=\"async\" class=\"size-full wp-image-444 alignleft\" title=\"ravalstoltad\" src=\"http:\/\/agora.xtec.cat\/escolademusicsijpc\/wp-content\/uploads\/usu459\/2010\/02\/ravalstoltad.gif\" alt=\"\" width=\"113\" height=\"160\" \/><!-- h1 \t{margin-bottom:.0001pt; \ttext-align:center; \tpage-break-after:avoid; \tfont-size:48.0pt; \tfont-family:\"Monotype Corsiva\"; \ttext-decoration:underline; \ttext-underline:single; margin-left:0cm; margin-right:0cm; margin-top:0cm} h2 \t{margin-bottom:.0001pt; \ttext-align:center; \tpage-break-after:avoid; \tfont-size:24.0pt; \tfont-family:\"Monotype Corsiva\"; \tmargin-left:0cm; margin-right:0cm; margin-top:0cm} --> 20 de Febrer a les 16:00h.<\/p>\n<p>Raval\u2019s Band i Batucada a la Rambla del Raval<\/p>\n<p>Rua General a la Rambla del Raval, Sant Oleguer, Nou de la Rambla, Rambles, Hospital, Egipc\u00edaques, \u00c0ngels, Pla\u00e7a dels \u00c0ngels<\/p>\n","protected":false},"excerpt":{"rendered":"<p> 20 de Febrer a les 16:00h.<br \/>\nRaval\u2019s Band i Batucada a la Rambla del Raval<br \/>\nRua General a la Rambla del Raval, Sant Oleguer, Nou de la Rambla, Rambles, Hospital, Egipc\u00edaques, \u00c0ngels, Pla\u00e7a dels \u00c0ngels<\/p>\n","protected":false},"author":1,"featured_media":0,"comment_status":"open","ping_status":"closed","sticky":false,"template":"","format":"standard","meta":{"_bbp_topic_count":0,"_bbp_reply_count":0,"_bbp_total_topic_count":0,"_bbp_total_reply_count":0,"_bbp_voice_count":0,"_bbp_anonymous_reply_count":0,"_bbp_topic_count_hidden":0,"_bbp_reply_count_hidden":0,"_bbp_forum_subforum_count":0,"footnotes":""},"categories":[75],"tags":[81,96],"class_list":["post-443","post","type-post","status-publish","format-standard","hentry","category-ravals-band","tag-concert","tag-ravals"],"post_mailing_queue_ids":[],"_links":{"self":[{"href":"https:\/\/agora.xtec.cat\/escolademusicsijpc\/wp-json\/wp\/v2\/posts\/443","targetHints":{"allow":["GET"]}}],"collection":[{"href":"https:\/\/agora.xtec.cat\/escolademusicsijpc\/wp-json\/wp\/v2\/posts"}],"about":[{"href":"https:\/\/agora.xtec.cat\/escolademusicsijpc\/wp-json\/wp\/v2\/types\/post"}],"author":[{"embeddable":true,"href":"https:\/\/agora.xtec.cat\/escolademusicsijpc\/wp-json\/wp\/v2\/users\/1"}],"replies":[{"embeddable":true,"href":"https:\/\/agora.xtec.cat\/escolademusicsijpc\/wp-json\/wp\/v2\/comments?post=443"}],"version-history":[{"count":0,"href":"https:\/\/agora.xtec.cat\/escolademusicsijpc\/wp-json\/wp\/v2\/posts\/443\/revisions"}],"wp:attachment":[{"href":"https:\/\/agora.xtec.cat\/escolademusicsijpc\/wp-json\/wp\/v2\/media?parent=443"}],"wp:term":[{"taxonomy":"category","embeddable":true,"href":"https:\/\/agora.xtec.cat\/escolademusicsijpc\/wp-json\/wp\/v2\/categories?post=443"},{"taxonomy":"post_tag","embeddable":true,"href":"https:\/\/agora.xtec.cat\/escolademusicsijpc\/wp-json\/wp\/v2\/tags?post=443"}],"curies":[{"name":"wp","href":"https:\/\/api.w.org\/{rel}","templated":true}]}}