{"id":4429,"date":"2015-11-26T17:06:05","date_gmt":"2015-11-26T16:06:05","guid":{"rendered":"https:\/\/lescolademusicsijpc.wordpress.com\/?p=4429"},"modified":"2016-02-16T21:09:16","modified_gmt":"2016-02-16T20:09:16","slug":"nadal-a-la-rambla","status":"publish","type":"post","link":"https:\/\/agora.xtec.cat\/escolademusicsijpc\/grups\/combos\/nadal-a-la-rambla\/","title":{"rendered":"Nadal a La Rambla!"},"content":{"rendered":"<div id=\"Noticia_Detalle\">\n<div id=\"Noticia_Detalle_c\"><span class=\"Noticia_Detalle_Descripcion\"><span class=\"Noticia_Detalle_Descripcion\"><a href=\"http:\/\/agora.xtec.cat\/escolademusicsijpc\/wp-content\/uploads\/usu459\/2015\/11\/choirs.gif\" rel=\"attachment wp-att-4430\"><img loading=\"lazy\" decoding=\"async\" class=\"size-medium wp-image-4430 alignright\" src=\"http:\/\/agora.xtec.cat\/escolademusicsijpc\/wp-content\/uploads\/usu459\/2015\/11\/choirs.gif?w=300\" alt=\"choirs\" width=\"300\" height=\"225\" \/><\/a>Una cantada de nadales i xocolata calenta s\u00f3n les ja tradicionals propostes amb les que Amics de La Rambla us convida a celebrar el Nadal.<\/span><\/span>El divendres 18 de desembre, a les 18:30 h i davant del Palau de la Virreina, us oferim un concert doble molt especial de la m\u00e0 de l&#8217;Escola de M\u00fasics \/ Escola de M\u00fasica JPC, un centres de formaci\u00f3 musical m\u00e9s actius al barri del Raval.Obriran la nit els \u201cMusical&#8217;s Choir\u201d, una coral de nois i noies procedents de les escoles de prim\u00e0ria i secund\u00e0ria de Ciutat Vella. Tot i que el seu repertori est\u00e0 basat en els musicals, han preparat una actuaci\u00f3 especialment pensada per aquestes dates.\u201c17 downstairs\u201d \u00e9s un grup de joves promeses sorgit dels combos de l&#8217;Escola de M\u00fasics i JPC que de ben segur us faran vibrar amb les seves interpretacions dels cl\u00e0ssics del Rock i del Soul. El grup est\u00e0 format per veu, piano, baix, bateria, dos saxos i tromb\u00f3.<\/p>\n<p>I despr\u00e9s, per entrar en calor, i aproximadament a les 19:30 h, res millor que una xocolatada popular oferida per alguns dels establiments de La Rambla. La Granja Viader, el Mercat de la Boqueria, el Caf\u00e8 de l\u2019\u00d2pera, la Cafeteria Moka, l&#8217;Hotel Serhs R\u00edvoli Rambla, Carrefour Market, el Hard Rock Caf\u00e8 Barcelona i el Restaurant N\u00faria s\u00f3n, conjuntament amb Amics de La Rambla, els encarregats d\u2019oferir xocolata calenta, coques i melindros per tots els que us animeu a gaudir del Nadal a La Rambla.<\/p>\n<p><b>CANTADA DE NADALES<\/b><\/p>\n<p>Divendres, 18 de desembre de 2015 a les 18:30 h<\/p>\n<p>XOCOLATADA POPULAR<\/p>\n<p>Divendres, 18 de desembre de 2015 a les 19:30 h<\/p>\n<\/div>\n<\/div>\n<div id=\"Publica_Organiza\"><b>\u00b7 Lloc<\/b>: Davant del Palau de la Virreina<br \/>\n<b>\u00b7 Direcci\u00f3<\/b>: La Rambla, 99<b>\u00b7 Horaris<\/b>: 18:30 h<\/div>\n","protected":false},"excerpt":{"rendered":"<p><a href=\"http:\/\/agora.xtec.cat\/escolademusicsijpc\/wp-content\/uploads\/usu459\/2015\/11\/choirs.gif\" rel=\"attachment wp-att-4430\"><\/a>Una cantada de nadales i xocolata calenta s\u00f3n les ja tradicionals propostes amb les que Amics de La Rambla us convida a celebrar el Nadal.El divendres 18 de desembre, a les 18:30 h i davant del Palau de la Virreina, us oferim&hellip;  <a href=\"https:\/\/agora.xtec.cat\/escolademusicsijpc\/grups\/combos\/nadal-a-la-rambla\/\" title=\"Read Nadal a La Rambla!\">Llegeix m\u00e9s\u00bb<\/a><\/p>\n","protected":false},"author":1,"featured_media":259,"comment_status":"open","ping_status":"open","sticky":false,"template":"","format":"standard","meta":{"_bbp_topic_count":0,"_bbp_reply_count":0,"_bbp_total_topic_count":0,"_bbp_total_reply_count":0,"_bbp_voice_count":0,"_bbp_anonymous_reply_count":0,"_bbp_topic_count_hidden":0,"_bbp_reply_count_hidden":0,"_bbp_forum_subforum_count":0,"footnotes":""},"categories":[62,63,66,104],"tags":[],"class_list":["post-4429","post","type-post","status-publish","format-standard","has-post-thumbnail","hentry","category-combos","category-concerts","category-corals","category-uncategorized"],"post_mailing_queue_ids":[],"_links":{"self":[{"href":"https:\/\/agora.xtec.cat\/escolademusicsijpc\/wp-json\/wp\/v2\/posts\/4429","targetHints":{"allow":["GET"]}}],"collection":[{"href":"https:\/\/agora.xtec.cat\/escolademusicsijpc\/wp-json\/wp\/v2\/posts"}],"about":[{"href":"https:\/\/agora.xtec.cat\/escolademusicsijpc\/wp-json\/wp\/v2\/types\/post"}],"author":[{"embeddable":true,"href":"https:\/\/agora.xtec.cat\/escolademusicsijpc\/wp-json\/wp\/v2\/users\/1"}],"replies":[{"embeddable":true,"href":"https:\/\/agora.xtec.cat\/escolademusicsijpc\/wp-json\/wp\/v2\/comments?post=4429"}],"version-history":[{"count":3,"href":"https:\/\/agora.xtec.cat\/escolademusicsijpc\/wp-json\/wp\/v2\/posts\/4429\/revisions"}],"predecessor-version":[{"id":5430,"href":"https:\/\/agora.xtec.cat\/escolademusicsijpc\/wp-json\/wp\/v2\/posts\/4429\/revisions\/5430"}],"wp:featuredmedia":[{"embeddable":true,"href":"https:\/\/agora.xtec.cat\/escolademusicsijpc\/wp-json\/wp\/v2\/media\/259"}],"wp:attachment":[{"href":"https:\/\/agora.xtec.cat\/escolademusicsijpc\/wp-json\/wp\/v2\/media?parent=4429"}],"wp:term":[{"taxonomy":"category","embeddable":true,"href":"https:\/\/agora.xtec.cat\/escolademusicsijpc\/wp-json\/wp\/v2\/categories?post=4429"},{"taxonomy":"post_tag","embeddable":true,"href":"https:\/\/agora.xtec.cat\/escolademusicsijpc\/wp-json\/wp\/v2\/tags?post=4429"}],"curies":[{"name":"wp","href":"https:\/\/api.w.org\/{rel}","templated":true}]}}