{"id":4418,"date":"2015-11-24T19:39:48","date_gmt":"2015-11-24T18:39:48","guid":{"rendered":"https:\/\/lescolademusicsijpc.wordpress.com\/?p=4418"},"modified":"2016-02-17T19:46:27","modified_gmt":"2016-02-17T18:46:27","slug":"combo-de-lescola-de-musics-a-la-placa-padro","status":"publish","type":"post","link":"https:\/\/agora.xtec.cat\/escolademusicsijpc\/grups\/combos\/combo-de-lescola-de-musics-a-la-placa-padro\/","title":{"rendered":"Combo &#8220;17 downstairs&#8221; de L&#8217;Escola de M\u00fasics a la Pla\u00e7a Padr\u00f3"},"content":{"rendered":"<p><img loading=\"lazy\" decoding=\"async\" class=\"size-medium wp-image-4419 alignright\" src=\"http:\/\/agora.xtec.cat\/escolademusicsijpc\/wp-content\/uploads\/usu459\/2015\/11\/nadal.gif?w=300\" alt=\"nadal\" width=\"300\" height=\"182\" \/>Vine a donar la benvinguda al Nadal al barri!<br \/>\nDes del grup motor de Territori Socialment Responsable et convidem a participar el proper dijous 3 de desembre, de 17.30 a 20h a la Pla\u00e7a del Padr\u00f3, a una festa d&#8217;encesa de llums molt especial, durant la qual podr\u00e0s con\u00e8ixer el projecte formatiu i ocupacional\u00a0<a href=\"http:\/\/totraval.us9.list-manage.com\/track\/click?u=e89e31b894d57356850015b12&amp;id=d58b91fa61&amp;e=5f4a22b41e\" target=\"_blank\">#RavalKm0<\/a> i gaudir d\u2019una xocolatada, actuacions musicals i un taller de serigrafia. T\u2019hi esperem!!<\/p>\n<p>Programa de 17.30 a 20h:<\/p>\n<ul>\n<li>Parlaments institucionals i presentaci\u00f3 del projecte #RavalKm0 i encesa de llums.<\/li>\n<li>Xocolatada.<\/li>\n<li>Actuacions musicals: Combo \u00a0&#8220;17 downstairs&#8221; de l\u2019Escola de M\u00fasics.<\/li>\n<li>Taller de serigrafia, amb la col\u00b7laboraci\u00f3 dels i les participants al proc\u00e9s laboral del projecte #RavalKm0<\/li>\n<li>Entrega de premis del concurs de disseny de la bossa #RavalKm0, del concurs de fotos del Calendari de Celebracions 2016 i entrega de diplomes als participants a la formaci\u00f3 laboral del projecte #RavalKm0.<\/li>\n<\/ul>\n","protected":false},"excerpt":{"rendered":"<p>Vine a donar la benvinguda al Nadal al barri!<br \/>\nDes del grup motor de Territori Socialment Responsable et convidem a participar el proper dijous 3 de desembre, de 17.30 a 20h a la Pla\u00e7a del Padr\u00f3, a una festa d&#8217;encesa de llums molt especial, durant la&hellip;  <a href=\"https:\/\/agora.xtec.cat\/escolademusicsijpc\/grups\/combos\/combo-de-lescola-de-musics-a-la-placa-padro\/\" title=\"Read Combo &#8220;17 downstairs&#8221; de L&#8217;Escola de M\u00fasics a la Pla\u00e7a Padr\u00f3\">Llegeix m\u00e9s\u00bb<\/a><\/p>\n","protected":false},"author":1,"featured_media":4419,"comment_status":"open","ping_status":"open","sticky":false,"template":"","format":"standard","meta":{"_bbp_topic_count":0,"_bbp_reply_count":0,"_bbp_total_topic_count":0,"_bbp_total_reply_count":0,"_bbp_voice_count":0,"_bbp_anonymous_reply_count":0,"_bbp_topic_count_hidden":0,"_bbp_reply_count_hidden":0,"_bbp_forum_subforum_count":0,"footnotes":""},"categories":[62,104],"tags":[],"class_list":["post-4418","post","type-post","status-publish","format-standard","has-post-thumbnail","hentry","category-combos","category-uncategorized"],"post_mailing_queue_ids":[],"_links":{"self":[{"href":"https:\/\/agora.xtec.cat\/escolademusicsijpc\/wp-json\/wp\/v2\/posts\/4418","targetHints":{"allow":["GET"]}}],"collection":[{"href":"https:\/\/agora.xtec.cat\/escolademusicsijpc\/wp-json\/wp\/v2\/posts"}],"about":[{"href":"https:\/\/agora.xtec.cat\/escolademusicsijpc\/wp-json\/wp\/v2\/types\/post"}],"author":[{"embeddable":true,"href":"https:\/\/agora.xtec.cat\/escolademusicsijpc\/wp-json\/wp\/v2\/users\/1"}],"replies":[{"embeddable":true,"href":"https:\/\/agora.xtec.cat\/escolademusicsijpc\/wp-json\/wp\/v2\/comments?post=4418"}],"version-history":[{"count":2,"href":"https:\/\/agora.xtec.cat\/escolademusicsijpc\/wp-json\/wp\/v2\/posts\/4418\/revisions"}],"predecessor-version":[{"id":4798,"href":"https:\/\/agora.xtec.cat\/escolademusicsijpc\/wp-json\/wp\/v2\/posts\/4418\/revisions\/4798"}],"wp:featuredmedia":[{"embeddable":true,"href":"https:\/\/agora.xtec.cat\/escolademusicsijpc\/wp-json\/wp\/v2\/media\/4419"}],"wp:attachment":[{"href":"https:\/\/agora.xtec.cat\/escolademusicsijpc\/wp-json\/wp\/v2\/media?parent=4418"}],"wp:term":[{"taxonomy":"category","embeddable":true,"href":"https:\/\/agora.xtec.cat\/escolademusicsijpc\/wp-json\/wp\/v2\/categories?post=4418"},{"taxonomy":"post_tag","embeddable":true,"href":"https:\/\/agora.xtec.cat\/escolademusicsijpc\/wp-json\/wp\/v2\/tags?post=4418"}],"curies":[{"name":"wp","href":"https:\/\/api.w.org\/{rel}","templated":true}]}}