{"id":4379,"date":"2015-11-17T15:47:53","date_gmt":"2015-11-17T14:47:53","guid":{"rendered":"https:\/\/lescolademusicsijpc.wordpress.com\/?p=4379"},"modified":"2016-02-17T19:50:22","modified_gmt":"2016-02-17T18:50:22","slug":"felicita-les-festes-amb-una-nadala-2","status":"publish","type":"post","link":"https:\/\/agora.xtec.cat\/escolademusicsijpc\/videos\/felicita-les-festes-amb-una-nadala-2\/","title":{"rendered":"Felicita les Festes amb una Nadala."},"content":{"rendered":"<p>Benvolguts alumnes i fam\u00edlies de l\u2019Escola de M\u00fasics i JPC.<\/p>\n<p>Aquest curs us proposem tornar a felicitar les festes de Nadal d\u2019una manera diferent. Us animem a enregistrar-vos tocant una can\u00e7\u00f3 de Nadal per penjar al blog, al Facebook i al Youtube de l\u2019escola.\u00a0Les bases per participar s\u00f3n:<strong><br \/>\n<img loading=\"lazy\" decoding=\"async\" class=\"size-full wp-image-4385 alignright\" src=\"http:\/\/agora.xtec.cat\/escolademusicsijpc\/wp-content\/uploads\/usu459\/2015\/11\/tom023colorblau.gif\" alt=\"tom023colorblau\" width=\"141\" height=\"200\" \/><\/strong><\/p>\n<ol>\n<li>Tria la melodia que vulguis per felicitar el Nadal amb el teu instrument.<\/li>\n<li>El teu mestre et pot ajudar a preparar-la.<\/li>\n<li>Enregistra\u2019t tocant tu sol, en duo, en trio, en grup o amb la fam\u00edlia.<\/li>\n<li>S\u2019admet qualsevol format de v\u00eddeo. Ho pots fer amb el m\u00f2bil, per\u00f2 en horitzontal! El v\u00eddeo no ha de durar m\u00e9s de 30 segons.<\/li>\n<li>Envieu la gravaci\u00f3 a escolademusics@gmail.com junt amb els vostres noms, cognoms i edats.<\/li>\n<li>El 15 de desembre data l\u00edmit per enviar el v\u00eddeo.<\/li>\n<li>Obert a tots els alumnes de l\u2019escola.<\/li>\n<li>Mireu les gravacions a la web de l\u2019Escola <a href=\"https:\/\/lescolademusicsijpc.wordpress.com\/\">https:\/\/lescolademusicsijpc.wordpress.com\/<\/a> o tamb\u00e9 en Facebook, Lescolademusics Jpc, i compartiu-lo.<\/li>\n<\/ol>\n<p>[youtube https:\/\/www.youtube.com\/watch?v=zD_hURXJJNQ]<\/p>\n","protected":false},"excerpt":{"rendered":"<p>Benvolguts alumnes i fam\u00edlies de l\u2019Escola de M\u00fasics i JPC.<br \/>\nAquest curs us proposem tornar a felicitar les festes de Nadal d\u2019una manera diferent. Us animem a enregistrar-vos tocant una can\u00e7\u00f3 de Nadal per penjar al blog, al Facebook i al Youtube de l\u2019escola.\u00a0Les bases per&hellip;  <a href=\"https:\/\/agora.xtec.cat\/escolademusicsijpc\/videos\/felicita-les-festes-amb-una-nadala-2\/\" title=\"Read Felicita les Festes amb una Nadala.\">Llegeix m\u00e9s\u00bb<\/a><\/p>\n","protected":false},"author":1,"featured_media":4385,"comment_status":"open","ping_status":"open","sticky":false,"template":"","format":"standard","meta":{"_bbp_topic_count":0,"_bbp_reply_count":0,"_bbp_total_topic_count":0,"_bbp_total_reply_count":0,"_bbp_voice_count":0,"_bbp_anonymous_reply_count":0,"_bbp_topic_count_hidden":0,"_bbp_reply_count_hidden":0,"_bbp_forum_subforum_count":0,"footnotes":""},"categories":[104,77],"tags":[],"class_list":["post-4379","post","type-post","status-publish","format-standard","has-post-thumbnail","hentry","category-uncategorized","category-videos"],"post_mailing_queue_ids":[],"_links":{"self":[{"href":"https:\/\/agora.xtec.cat\/escolademusicsijpc\/wp-json\/wp\/v2\/posts\/4379","targetHints":{"allow":["GET"]}}],"collection":[{"href":"https:\/\/agora.xtec.cat\/escolademusicsijpc\/wp-json\/wp\/v2\/posts"}],"about":[{"href":"https:\/\/agora.xtec.cat\/escolademusicsijpc\/wp-json\/wp\/v2\/types\/post"}],"author":[{"embeddable":true,"href":"https:\/\/agora.xtec.cat\/escolademusicsijpc\/wp-json\/wp\/v2\/users\/1"}],"replies":[{"embeddable":true,"href":"https:\/\/agora.xtec.cat\/escolademusicsijpc\/wp-json\/wp\/v2\/comments?post=4379"}],"version-history":[{"count":1,"href":"https:\/\/agora.xtec.cat\/escolademusicsijpc\/wp-json\/wp\/v2\/posts\/4379\/revisions"}],"predecessor-version":[{"id":4688,"href":"https:\/\/agora.xtec.cat\/escolademusicsijpc\/wp-json\/wp\/v2\/posts\/4379\/revisions\/4688"}],"wp:featuredmedia":[{"embeddable":true,"href":"https:\/\/agora.xtec.cat\/escolademusicsijpc\/wp-json\/wp\/v2\/media\/4385"}],"wp:attachment":[{"href":"https:\/\/agora.xtec.cat\/escolademusicsijpc\/wp-json\/wp\/v2\/media?parent=4379"}],"wp:term":[{"taxonomy":"category","embeddable":true,"href":"https:\/\/agora.xtec.cat\/escolademusicsijpc\/wp-json\/wp\/v2\/categories?post=4379"},{"taxonomy":"post_tag","embeddable":true,"href":"https:\/\/agora.xtec.cat\/escolademusicsijpc\/wp-json\/wp\/v2\/tags?post=4379"}],"curies":[{"name":"wp","href":"https:\/\/api.w.org\/{rel}","templated":true}]}}