{"id":4353,"date":"2015-11-16T18:54:53","date_gmt":"2015-11-16T17:54:53","guid":{"rendered":"https:\/\/lescolademusicsijpc.wordpress.com\/?p=4353"},"modified":"2016-02-17T19:51:16","modified_gmt":"2016-02-17T18:51:16","slug":"ravals-13-edicio","status":"publish","type":"post","link":"https:\/\/agora.xtec.cat\/escolademusicsijpc\/grups\/batucada\/ravals-13-edicio\/","title":{"rendered":"RAVAL(S) 13 edici\u00f3."},"content":{"rendered":"<p><img loading=\"lazy\" decoding=\"async\" class=\"aligncenter wp-image-4371 size-large\" src=\"http:\/\/agora.xtec.cat\/escolademusicsijpc\/wp-content\/uploads\/usu459\/2015\/11\/ravals-2015.jpg?w=660\" alt=\"Raval's 2015\" width=\"660\" height=\"257\" srcset=\"https:\/\/agora.xtec.cat\/escolademusicsijpc\/wp-content\/uploads\/usu459\/2015\/11\/ravals-2015.jpg 8038w, https:\/\/agora.xtec.cat\/escolademusicsijpc\/wp-content\/uploads\/usu459\/2015\/11\/ravals-2015-300x117.jpg 300w, https:\/\/agora.xtec.cat\/escolademusicsijpc\/wp-content\/uploads\/usu459\/2015\/11\/ravals-2015-1024x399.jpg 1024w\" sizes=\"auto, (max-width: 660px) 100vw, 660px\" \/><img loading=\"lazy\" decoding=\"async\" class=\"wp-image-4355 alignright\" src=\"http:\/\/agora.xtec.cat\/escolademusicsijpc\/wp-content\/uploads\/usu459\/2015\/11\/coral-vedruna.jpg?w=100\" alt=\"Coral Vedruna\" width=\"129\" height=\"194\" srcset=\"https:\/\/agora.xtec.cat\/escolademusicsijpc\/wp-content\/uploads\/usu459\/2015\/11\/coral-vedruna.jpg 3456w, https:\/\/agora.xtec.cat\/escolademusicsijpc\/wp-content\/uploads\/usu459\/2015\/11\/coral-vedruna-200x300.jpg 200w, https:\/\/agora.xtec.cat\/escolademusicsijpc\/wp-content\/uploads\/usu459\/2015\/11\/coral-vedruna-683x1024.jpg 683w\" sizes=\"auto, (max-width: 129px) 100vw, 129px\" \/><\/p>\n<p><strong>Raval<sup>(s)<\/sup><\/strong> \u00e9s un festival participatiu i comunitari que mostra les diferents cares del barri a trav\u00e9s d\u2019un conjunt\u00a0d\u2019activitats art\u00edstiques, socials i educatives gratu\u00eftes, organitzades gr\u00e0cies a la implicaci\u00f3 del ve\u00efnat, entitats, associacions, comer\u00e7os i institucions del Raval.<img loading=\"lazy\" decoding=\"async\" class=\" wp-image-4362 alignleft\" src=\"http:\/\/agora.xtec.cat\/escolademusicsijpc\/wp-content\/uploads\/usu459\/2015\/11\/concert-de-corals-del-raval-i-del-besc3b2s-2.jpg?w=300\" alt=\"Concert de corals del Raval i del Bes\u00f2s (2)\" width=\"177\" height=\"118\" srcset=\"https:\/\/agora.xtec.cat\/escolademusicsijpc\/wp-content\/uploads\/usu459\/2015\/11\/concert-de-corals-del-raval-i-del-besc3b2s-2.jpg 5184w, https:\/\/agora.xtec.cat\/escolademusicsijpc\/wp-content\/uploads\/usu459\/2015\/11\/concert-de-corals-del-raval-i-del-besc3b2s-2-300x200.jpg 300w, https:\/\/agora.xtec.cat\/escolademusicsijpc\/wp-content\/uploads\/usu459\/2015\/11\/concert-de-corals-del-raval-i-del-besc3b2s-2-1024x683.jpg 1024w\" sizes=\"auto, (max-width: 177px) 100vw, 177px\" \/><\/p>\n<p>El divendres\u00a013 al mat\u00ed varen actuar les\u00a0Corals infantils del Raval i del Bes\u00f2s-Maresme \/ Sala Marqu\u00e9s de Comillas del Museu Mar\u00edtim de Barcelona.<\/p>\n<p>A la tarda va ser el torn dels\u00a0Combos de l\u2019Escola de M\u00fasics i JPC .<\/p>\n<p><iframe loading=\"lazy\" src=\"https:\/\/www.youtube.com\/embed\/Yn1uBJxtBp0\" width=\"560\" height=\"315\" frameborder=\"0\" allowfullscreen=\"allowfullscreen\"><\/iframe><br \/>\nDissabte al mat\u00ed van tocar<strong>\u00a0<\/strong>les Corals\u00a0amb\u00a0Sons de veu (Coral de nens),\u00a0Musical&#8217;s Choir (Coral de Joves) i\u00a0Coral Ponen (Coral d\u2019adults) de L\u2019Escola de M\u00fasics i JPC. I a la tarda la Raval&#8217;s Band.<\/p>\n<p><img loading=\"lazy\" decoding=\"async\" class=\"alignleft wp-image-4367\" src=\"http:\/\/agora.xtec.cat\/escolademusicsijpc\/wp-content\/uploads\/usu459\/2015\/11\/cor-de-ponent.jpg?w=150\" alt=\"Cor de Ponent\" width=\"177\" height=\"118\" srcset=\"https:\/\/agora.xtec.cat\/escolademusicsijpc\/wp-content\/uploads\/usu459\/2015\/11\/cor-de-ponent.jpg 5184w, https:\/\/agora.xtec.cat\/escolademusicsijpc\/wp-content\/uploads\/usu459\/2015\/11\/cor-de-ponent-300x200.jpg 300w, https:\/\/agora.xtec.cat\/escolademusicsijpc\/wp-content\/uploads\/usu459\/2015\/11\/cor-de-ponent-1024x683.jpg 1024w\" sizes=\"auto, (max-width: 177px) 100vw, 177px\" \/> <img loading=\"lazy\" decoding=\"async\" class=\"alignleft wp-image-4366\" src=\"http:\/\/agora.xtec.cat\/escolademusicsijpc\/wp-content\/uploads\/usu459\/2015\/11\/musicals-choir-2.jpg?w=150\" alt=\"Musicals Choir (2)\" width=\"177\" height=\"118\" srcset=\"https:\/\/agora.xtec.cat\/escolademusicsijpc\/wp-content\/uploads\/usu459\/2015\/11\/musicals-choir-2.jpg 5184w, https:\/\/agora.xtec.cat\/escolademusicsijpc\/wp-content\/uploads\/usu459\/2015\/11\/musicals-choir-2-300x200.jpg 300w, https:\/\/agora.xtec.cat\/escolademusicsijpc\/wp-content\/uploads\/usu459\/2015\/11\/musicals-choir-2-1024x683.jpg 1024w\" sizes=\"auto, (max-width: 177px) 100vw, 177px\" \/> <img loading=\"lazy\" decoding=\"async\" class=\"alignleft wp-image-4365\" src=\"http:\/\/agora.xtec.cat\/escolademusicsijpc\/wp-content\/uploads\/usu459\/2015\/11\/sons-de-veu.jpg?w=150\" alt=\"Sons de veu\" width=\"177\" height=\"118\" srcset=\"https:\/\/agora.xtec.cat\/escolademusicsijpc\/wp-content\/uploads\/usu459\/2015\/11\/sons-de-veu.jpg 5184w, https:\/\/agora.xtec.cat\/escolademusicsijpc\/wp-content\/uploads\/usu459\/2015\/11\/sons-de-veu-300x200.jpg 300w, https:\/\/agora.xtec.cat\/escolademusicsijpc\/wp-content\/uploads\/usu459\/2015\/11\/sons-de-veu-1024x683.jpg 1024w\" sizes=\"auto, (max-width: 177px) 100vw, 177px\" \/><\/p>\n<p><img loading=\"lazy\" decoding=\"async\" class=\"alignleft wp-image-4375\" src=\"http:\/\/agora.xtec.cat\/escolademusicsijpc\/wp-content\/uploads\/usu459\/2015\/11\/ravals-band-2.jpg?w=300\" alt=\"Raval's band (2)\" width=\"177\" height=\"118\" srcset=\"https:\/\/agora.xtec.cat\/escolademusicsijpc\/wp-content\/uploads\/usu459\/2015\/11\/ravals-band-2.jpg 5184w, https:\/\/agora.xtec.cat\/escolademusicsijpc\/wp-content\/uploads\/usu459\/2015\/11\/ravals-band-2-300x200.jpg 300w, https:\/\/agora.xtec.cat\/escolademusicsijpc\/wp-content\/uploads\/usu459\/2015\/11\/ravals-band-2-1024x683.jpg 1024w\" sizes=\"auto, (max-width: 177px) 100vw, 177px\" \/>I Diumenge al mat\u00ed passejada amb els gegants, gegantons, cap grossos, bestiari, tot amenitzat per bandes, percussi\u00f3 i gralles del barri.<\/p>\n<p><iframe loading=\"lazy\" src=\"https:\/\/www.youtube.com\/embed\/wZuhNQpJorM\" width=\"560\" height=\"315\" frameborder=\"0\" allowfullscreen=\"allowfullscreen\"><\/iframe><\/p>\n","protected":false},"excerpt":{"rendered":"<p>Raval(s) \u00e9s un festival participatiu i comunitari que mostra les diferents cares del barri a trav\u00e9s d\u2019un conjunt\u00a0d\u2019activitats art\u00edstiques, socials i educatives gratu\u00eftes, organitzades gr\u00e0cies a la implicaci\u00f3 del ve\u00efnat, entitats, associacions, comer\u00e7os i institucions del Raval.<br \/>\nEl divendres\u00a013 al mat\u00ed varen actuar les\u00a0Corals infantils del&hellip;  <a href=\"https:\/\/agora.xtec.cat\/escolademusicsijpc\/grups\/batucada\/ravals-13-edicio\/\" title=\"Read RAVAL(S) 13 edici\u00f3.\">Llegeix m\u00e9s\u00bb<\/a><\/p>\n","protected":false},"author":1,"featured_media":4449,"comment_status":"open","ping_status":"open","sticky":false,"template":"","format":"standard","meta":{"_bbp_topic_count":0,"_bbp_reply_count":0,"_bbp_total_topic_count":0,"_bbp_total_reply_count":0,"_bbp_voice_count":0,"_bbp_anonymous_reply_count":0,"_bbp_topic_count_hidden":0,"_bbp_reply_count_hidden":0,"_bbp_forum_subforum_count":0,"footnotes":""},"categories":[60,62,63,66,75,104],"tags":[],"class_list":["post-4353","post","type-post","status-publish","format-standard","has-post-thumbnail","hentry","category-batucada","category-combos","category-concerts","category-corals","category-ravals-band","category-uncategorized"],"post_mailing_queue_ids":[],"_links":{"self":[{"href":"https:\/\/agora.xtec.cat\/escolademusicsijpc\/wp-json\/wp\/v2\/posts\/4353","targetHints":{"allow":["GET"]}}],"collection":[{"href":"https:\/\/agora.xtec.cat\/escolademusicsijpc\/wp-json\/wp\/v2\/posts"}],"about":[{"href":"https:\/\/agora.xtec.cat\/escolademusicsijpc\/wp-json\/wp\/v2\/types\/post"}],"author":[{"embeddable":true,"href":"https:\/\/agora.xtec.cat\/escolademusicsijpc\/wp-json\/wp\/v2\/users\/1"}],"replies":[{"embeddable":true,"href":"https:\/\/agora.xtec.cat\/escolademusicsijpc\/wp-json\/wp\/v2\/comments?post=4353"}],"version-history":[{"count":2,"href":"https:\/\/agora.xtec.cat\/escolademusicsijpc\/wp-json\/wp\/v2\/posts\/4353\/revisions"}],"predecessor-version":[{"id":4765,"href":"https:\/\/agora.xtec.cat\/escolademusicsijpc\/wp-json\/wp\/v2\/posts\/4353\/revisions\/4765"}],"wp:featuredmedia":[{"embeddable":true,"href":"https:\/\/agora.xtec.cat\/escolademusicsijpc\/wp-json\/wp\/v2\/media\/4449"}],"wp:attachment":[{"href":"https:\/\/agora.xtec.cat\/escolademusicsijpc\/wp-json\/wp\/v2\/media?parent=4353"}],"wp:term":[{"taxonomy":"category","embeddable":true,"href":"https:\/\/agora.xtec.cat\/escolademusicsijpc\/wp-json\/wp\/v2\/categories?post=4353"},{"taxonomy":"post_tag","embeddable":true,"href":"https:\/\/agora.xtec.cat\/escolademusicsijpc\/wp-json\/wp\/v2\/tags?post=4353"}],"curies":[{"name":"wp","href":"https:\/\/api.w.org\/{rel}","templated":true}]}}