{"id":4343,"date":"2015-11-13T17:51:11","date_gmt":"2015-11-13T16:51:11","guid":{"rendered":"https:\/\/lescolademusicsijpc.wordpress.com\/?p=4343"},"modified":"2016-02-17T19:51:55","modified_gmt":"2016-02-17T18:51:55","slug":"concert-cant-coral-al-museu-maritim","status":"publish","type":"post","link":"https:\/\/agora.xtec.cat\/escolademusicsijpc\/corals\/concert-cant-coral-al-museu-maritim\/","title":{"rendered":"Concert Cant Coral al Museu Mar\u00edtim"},"content":{"rendered":"<p dir=\"ltr\"><img loading=\"lazy\" decoding=\"async\" class=\"wp-image-4347 size-thumbnail alignleft\" src=\"http:\/\/agora.xtec.cat\/escolademusicsijpc\/wp-content\/uploads\/usu459\/2015\/11\/sin-tc3adtulo-1.gif?w=150\" alt=\"Sin-t\u00edtulo-1\" width=\"150\" height=\"113\" \/> Aquest mat\u00ed amb motiu del festival Raval&#8217;s, els Cors de Ciutat Vella i els Cors del Bes\u00f3s, projecte que duu a terme L&#8217;Escola de M\u00fasics, han pogut oferir un magn\u00edfic concert al Museu Mar\u00edtim.<\/p>\n<p>300 nens de diferents escoles i instituts s&#8217;han aplegat per celebrar un mat\u00ed ple de m\u00fasica i emocions:<\/p>\n<p><img loading=\"lazy\" decoding=\"async\" class=\"size-thumbnail wp-image-4348 alignright\" src=\"http:\/\/agora.xtec.cat\/escolademusicsijpc\/wp-content\/uploads\/usu459\/2015\/11\/sin-tc3adtulo-12.gif?w=150\" alt=\"Sin-t\u00edtulo-12\" width=\"150\" height=\"113\" \/>Labour\u00e9, Vedruna,Drassanes,\u00a0 Castella, Rub\u00e9n Dar\u00edo, totes elles escoles del Raval juntament amb\u00a0 Sant Gabriel, Santa Maria dels Ap\u00f2stols, Sagrat Cor, General Primer, Concepci\u00f3 Arenal, Eduard Marquina, IES Bes\u00f3s i IES Rambla Prim.<\/p>\n<p dir=\"ltr\">Han cantat un repertori ben variat acompanyats pel pianista Borja Manzano i dirigits per Cristina Colomer, Yolanda Mallofr\u00e9 i Irene Andreu.<img loading=\"lazy\" decoding=\"async\" class=\"size-thumbnail wp-image-4349 alignleft\" src=\"http:\/\/agora.xtec.cat\/escolademusicsijpc\/wp-content\/uploads\/usu459\/2015\/11\/sin-tc3adtulo-13.gif?w=150\" alt=\"Sin-t\u00edtulo-13\" width=\"150\" height=\"113\" \/><\/p>\n<p dir=\"ltr\" style=\"text-align: center;\">Aix\u00ed de b\u00e9 sona un dels cors de les escoles:\u00a0<span style=\"color: #ff00ff;\"><a style=\"color: #ff00ff;\" href=\"https:\/\/t.co\/W3wrxNE6Qf\">pic.twitter.com\/W3wrxNE6Qf<\/a><\/span><\/p>\n","protected":false},"excerpt":{"rendered":"<p> Aquest mat\u00ed amb motiu del festival Raval&#8217;s, els Cors de Ciutat Vella i els Cors del Bes\u00f3s, projecte que duu a terme L&#8217;Escola de M\u00fasics, han pogut oferir un magn\u00edfic concert al Museu Mar\u00edtim.<br \/>\n300 nens de diferents escoles i instituts s&#8217;han aplegat per celebrar&hellip;  <a href=\"https:\/\/agora.xtec.cat\/escolademusicsijpc\/corals\/concert-cant-coral-al-museu-maritim\/\" title=\"Read Concert Cant Coral al Museu Mar\u00edtim\">Llegeix m\u00e9s\u00bb<\/a><\/p>\n","protected":false},"author":1,"featured_media":4349,"comment_status":"open","ping_status":"open","sticky":false,"template":"","format":"standard","meta":{"_bbp_topic_count":0,"_bbp_reply_count":0,"_bbp_total_topic_count":0,"_bbp_total_reply_count":0,"_bbp_voice_count":0,"_bbp_anonymous_reply_count":0,"_bbp_topic_count_hidden":0,"_bbp_reply_count_hidden":0,"_bbp_forum_subforum_count":0,"footnotes":""},"categories":[66,104],"tags":[],"class_list":["post-4343","post","type-post","status-publish","format-standard","has-post-thumbnail","hentry","category-corals","category-uncategorized"],"post_mailing_queue_ids":[],"_links":{"self":[{"href":"https:\/\/agora.xtec.cat\/escolademusicsijpc\/wp-json\/wp\/v2\/posts\/4343","targetHints":{"allow":["GET"]}}],"collection":[{"href":"https:\/\/agora.xtec.cat\/escolademusicsijpc\/wp-json\/wp\/v2\/posts"}],"about":[{"href":"https:\/\/agora.xtec.cat\/escolademusicsijpc\/wp-json\/wp\/v2\/types\/post"}],"author":[{"embeddable":true,"href":"https:\/\/agora.xtec.cat\/escolademusicsijpc\/wp-json\/wp\/v2\/users\/1"}],"replies":[{"embeddable":true,"href":"https:\/\/agora.xtec.cat\/escolademusicsijpc\/wp-json\/wp\/v2\/comments?post=4343"}],"version-history":[{"count":2,"href":"https:\/\/agora.xtec.cat\/escolademusicsijpc\/wp-json\/wp\/v2\/posts\/4343\/revisions"}],"predecessor-version":[{"id":5439,"href":"https:\/\/agora.xtec.cat\/escolademusicsijpc\/wp-json\/wp\/v2\/posts\/4343\/revisions\/5439"}],"wp:featuredmedia":[{"embeddable":true,"href":"https:\/\/agora.xtec.cat\/escolademusicsijpc\/wp-json\/wp\/v2\/media\/4349"}],"wp:attachment":[{"href":"https:\/\/agora.xtec.cat\/escolademusicsijpc\/wp-json\/wp\/v2\/media?parent=4343"}],"wp:term":[{"taxonomy":"category","embeddable":true,"href":"https:\/\/agora.xtec.cat\/escolademusicsijpc\/wp-json\/wp\/v2\/categories?post=4343"},{"taxonomy":"post_tag","embeddable":true,"href":"https:\/\/agora.xtec.cat\/escolademusicsijpc\/wp-json\/wp\/v2\/tags?post=4343"}],"curies":[{"name":"wp","href":"https:\/\/api.w.org\/{rel}","templated":true}]}}