{"id":4324,"date":"2015-11-04T16:53:08","date_gmt":"2015-11-04T15:53:08","guid":{"rendered":"https:\/\/lescolademusicsijpc.wordpress.com\/?p=4324"},"modified":"2016-02-17T19:54:33","modified_gmt":"2016-02-17T18:54:33","slug":"guitar-club-3","status":"publish","type":"post","link":"https:\/\/agora.xtec.cat\/escolademusicsijpc\/grups\/orquestra-de-guitarres\/guitar-club-3\/","title":{"rendered":"Guitar Club"},"content":{"rendered":"<div><img loading=\"lazy\" decoding=\"async\" class=\" wp-image-4326 size-medium alignright\" src=\"http:\/\/agora.xtec.cat\/escolademusicsijpc\/wp-content\/uploads\/usu459\/2015\/11\/guitar-club2015b.gif?w=212\" alt=\"guitar-club2015b\" width=\"212\" height=\"300\" \/>Aquest any repetim l\u2019experi\u00e8ncia. Una experi\u00e8ncia molt positiva en la qual vam aprendre molt de cadascun de vosaltres i ens ho vam passar molt b\u00e9. Una activitat de guitarra que no et pots perdre:<\/div>\n<ul>\n<li>Explica\u2019ns la teva obra<\/li>\n<li>Comparteix la m\u00fasica<\/li>\n<li>Qu\u00e8 sents quan toques?<\/li>\n<li>Fem\u00a0club, vine a sentir als teus companys<\/li>\n<\/ul>\n<div>Dissabte 21 de novembre a les 15h al C\/Riera Alta n\u00ba10<\/div>\n","protected":false},"excerpt":{"rendered":"<p>Aquest any repetim l\u2019experi\u00e8ncia. Una experi\u00e8ncia molt positiva en la qual vam aprendre molt de cadascun de vosaltres i ens ho vam passar molt b\u00e9. Una activitat de guitarra que no et pots perdre:<\/p>\n<ul>\n<li>Explica\u2019ns la teva obra<\/li>\n<li>Comparteix la m\u00fasica<\/li>\n<li>Qu\u00e8 sents quan toques?<\/li>\n<li>Fem\u00a0club, vine a sentir&hellip;  <a href=\"https:\/\/agora.xtec.cat\/escolademusicsijpc\/grups\/orquestra-de-guitarres\/guitar-club-3\/\" title=\"Read Guitar Club\">Llegeix m\u00e9s\u00bb<\/a><br \/>\n","protected":false},"author":1,"featured_media":4326,"comment_status":"open","ping_status":"open","sticky":false,"template":"","format":"standard","meta":{"_bbp_topic_count":0,"_bbp_reply_count":0,"_bbp_total_topic_count":0,"_bbp_total_reply_count":0,"_bbp_voice_count":0,"_bbp_anonymous_reply_count":0,"_bbp_topic_count_hidden":0,"_bbp_reply_count_hidden":0,"_bbp_forum_subforum_count":0,"footnotes":""},"categories":[72,104],"tags":[],"class_list":["post-4324","post","type-post","status-publish","format-standard","has-post-thumbnail","hentry","category-orquestra-de-guitarres","category-uncategorized"],"post_mailing_queue_ids":[],"_links":{"self":[{"href":"https:\/\/agora.xtec.cat\/escolademusicsijpc\/wp-json\/wp\/v2\/posts\/4324","targetHints":{"allow":["GET"]}}],"collection":[{"href":"https:\/\/agora.xtec.cat\/escolademusicsijpc\/wp-json\/wp\/v2\/posts"}],"about":[{"href":"https:\/\/agora.xtec.cat\/escolademusicsijpc\/wp-json\/wp\/v2\/types\/post"}],"author":[{"embeddable":true,"href":"https:\/\/agora.xtec.cat\/escolademusicsijpc\/wp-json\/wp\/v2\/users\/1"}],"replies":[{"embeddable":true,"href":"https:\/\/agora.xtec.cat\/escolademusicsijpc\/wp-json\/wp\/v2\/comments?post=4324"}],"version-history":[{"count":2,"href":"https:\/\/agora.xtec.cat\/escolademusicsijpc\/wp-json\/wp\/v2\/posts\/4324\/revisions"}],"predecessor-version":[{"id":5385,"href":"https:\/\/agora.xtec.cat\/escolademusicsijpc\/wp-json\/wp\/v2\/posts\/4324\/revisions\/5385"}],"wp:featuredmedia":[{"embeddable":true,"href":"https:\/\/agora.xtec.cat\/escolademusicsijpc\/wp-json\/wp\/v2\/media\/4326"}],"wp:attachment":[{"href":"https:\/\/agora.xtec.cat\/escolademusicsijpc\/wp-json\/wp\/v2\/media?parent=4324"}],"wp:term":[{"taxonomy":"category","embeddable":true,"href":"https:\/\/agora.xtec.cat\/escolademusicsijpc\/wp-json\/wp\/v2\/categories?post=4324"},{"taxonomy":"post_tag","embeddable":true,"href":"https:\/\/agora.xtec.cat\/escolademusicsijpc\/wp-json\/wp\/v2\/tags?post=4324"}],"curies":[{"name":"wp","href":"https:\/\/api.w.org\/{rel}","templated":true}]}}