{"id":4320,"date":"2015-11-02T19:22:47","date_gmt":"2015-11-02T18:22:47","guid":{"rendered":"https:\/\/lescolademusicsijpc.wordpress.com\/?p=4320"},"modified":"2016-02-22T19:38:04","modified_gmt":"2016-02-22T18:38:04","slug":"musicals-choir-3","status":"publish","type":"post","link":"https:\/\/agora.xtec.cat\/escolademusicsijpc\/corals\/musicals-choir-3\/","title":{"rendered":"Musicals&#8217; choir"},"content":{"rendered":"<p><iframe loading=\"lazy\" src=\"https:\/\/www.youtube.com\/embed\/49IjhelB8Ac\" width=\"560\" height=\"315\" frameborder=\"0\" allowfullscreen=\"allowfullscreen\"><\/iframe><\/p>\n<p>Musicals<span class=\"hiddenGrammarError\">&#8216;<\/span> <span class=\"hiddenSpellError\">Choir<\/span> es va crear a L&#8217;Escola de M\u00fasics al febrer del 2014 de la m\u00e0 de Cristina Colomer. Des de llavors ha anat creixent en n\u00famero els seus components fins a arribar als 50 cantaires que actualment formen aquesta coral. Pr\u00f2ximament els podreu escoltar en diferents actuacions, el dia 14 de novembre a les <span class=\"hiddenGrammarError\">12h<\/span> al <span class=\"hiddenGrammarError\">&#8220;<\/span>Concert de corals de les entitats del Raval<span class=\"hiddenGrammarError\">\u201d<\/span> (Esgl\u00e9sia del Carme C\/ Bisbe <span class=\"hiddenSpellError\">Laguarda<\/span> <span class=\"hiddenSpellError\">n\u00ba<\/span> 10) i el dia 18 de desembre a les <span class=\"hiddenGrammarError\">19h<\/span>. en motiu de\u00a0l&#8217;encesa de llums de Nadal del Raval (enfront de Palau de la Virreina).<\/p>\n","protected":false},"excerpt":{"rendered":"<p>Musicals&#8216; Choir es va crear a L&#8217;Escola de M\u00fasics al febrer del 2014 de la m\u00e0 de Cristina Colomer. Des de llavors ha anat creixent en n\u00famero els seus components fins a arribar als 50 cantaires que actualment formen aquesta coral. Pr\u00f2ximament els podreu escoltar&hellip;  <a href=\"https:\/\/agora.xtec.cat\/escolademusicsijpc\/corals\/musicals-choir-3\/\" title=\"Read Musicals&#8217; choir\">Llegeix m\u00e9s\u00bb<\/a><\/p>\n","protected":false},"author":1,"featured_media":0,"comment_status":"open","ping_status":"open","sticky":false,"template":"","format":"standard","meta":{"_bbp_topic_count":0,"_bbp_reply_count":0,"_bbp_total_topic_count":0,"_bbp_total_reply_count":0,"_bbp_voice_count":0,"_bbp_anonymous_reply_count":0,"_bbp_topic_count_hidden":0,"_bbp_reply_count_hidden":0,"_bbp_forum_subforum_count":0,"footnotes":""},"categories":[66,104],"tags":[],"class_list":["post-4320","post","type-post","status-publish","format-standard","hentry","category-corals","category-uncategorized"],"post_mailing_queue_ids":[],"_links":{"self":[{"href":"https:\/\/agora.xtec.cat\/escolademusicsijpc\/wp-json\/wp\/v2\/posts\/4320","targetHints":{"allow":["GET"]}}],"collection":[{"href":"https:\/\/agora.xtec.cat\/escolademusicsijpc\/wp-json\/wp\/v2\/posts"}],"about":[{"href":"https:\/\/agora.xtec.cat\/escolademusicsijpc\/wp-json\/wp\/v2\/types\/post"}],"author":[{"embeddable":true,"href":"https:\/\/agora.xtec.cat\/escolademusicsijpc\/wp-json\/wp\/v2\/users\/1"}],"replies":[{"embeddable":true,"href":"https:\/\/agora.xtec.cat\/escolademusicsijpc\/wp-json\/wp\/v2\/comments?post=4320"}],"version-history":[{"count":3,"href":"https:\/\/agora.xtec.cat\/escolademusicsijpc\/wp-json\/wp\/v2\/posts\/4320\/revisions"}],"predecessor-version":[{"id":4934,"href":"https:\/\/agora.xtec.cat\/escolademusicsijpc\/wp-json\/wp\/v2\/posts\/4320\/revisions\/4934"}],"wp:attachment":[{"href":"https:\/\/agora.xtec.cat\/escolademusicsijpc\/wp-json\/wp\/v2\/media?parent=4320"}],"wp:term":[{"taxonomy":"category","embeddable":true,"href":"https:\/\/agora.xtec.cat\/escolademusicsijpc\/wp-json\/wp\/v2\/categories?post=4320"},{"taxonomy":"post_tag","embeddable":true,"href":"https:\/\/agora.xtec.cat\/escolademusicsijpc\/wp-json\/wp\/v2\/tags?post=4320"}],"curies":[{"name":"wp","href":"https:\/\/api.w.org\/{rel}","templated":true}]}}