{"id":4308,"date":"2015-10-26T19:48:14","date_gmt":"2015-10-26T18:48:14","guid":{"rendered":"https:\/\/lescolademusicsijpc.wordpress.com\/?p=4308"},"modified":"2016-02-22T19:38:59","modified_gmt":"2016-02-22T18:38:59","slug":"festa-lliurament-de-claus-%c2%b7-calabria-66","status":"publish","type":"post","link":"https:\/\/agora.xtec.cat\/escolademusicsijpc\/grups\/combos\/festa-lliurament-de-claus-%c2%b7-calabria-66\/","title":{"rendered":"Festa Lliurament de claus \u00b7 Calabria 66"},"content":{"rendered":"<p>L\u2019Escola de M\u00fasics i JPC inaugura conjuntament amb les entitats del barri de Sant Antoni el nou edifici Cal\u00e0bria 66, antiga seu de l\u2019ONCE, que s\u2019ha reobert convertit en un nou equipament\u00a0 cultural i social per al barri de Sant Antoni.<\/p>\n<p><a href=\"http:\/\/agora.xtec.cat\/escolademusicsijpc\/wp-content\/uploads\/usu459\/2015\/10\/flyer-c66-front-post.jpg\"><img loading=\"lazy\" decoding=\"async\" class=\"wp-image-4310 alignright\" src=\"http:\/\/agora.xtec.cat\/escolademusicsijpc\/wp-content\/uploads\/usu459\/2015\/10\/flyer-c66-front-post.jpg\" alt=\"flyer-C66-front-post\" width=\"200\" height=\"133\" srcset=\"https:\/\/agora.xtec.cat\/escolademusicsijpc\/wp-content\/uploads\/usu459\/2015\/10\/flyer-c66-front-post.jpg 700w, https:\/\/agora.xtec.cat\/escolademusicsijpc\/wp-content\/uploads\/usu459\/2015\/10\/flyer-c66-front-post-300x200.jpg 300w\" sizes=\"auto, (max-width: 200px) 100vw, 200px\" \/><\/a><\/p>\n<p>Els ve\u00efns de Sant Antoni i de Barcelona han recuperat un espai emblem\u00e0tic del barri.\u00a0La inauguraci\u00f3 va estar a c\u00e0rrec de diferents entitats culturals i socials amb una cercavila, concerts, una exposici\u00f3, espectacles infantils i un munt d\u2019activitats per a tots els p\u00fablics.<\/p>\n<p>Ahir Sant Antoni es va despertar amb els\u00a0trets eixordadors dels trabucaires, el\u00a0so incansable dels tambors\u00a0dels tabalers i les\u00a0explosions ardents dels diables i la Porca.\u00a0M\u00e9s tard l\u2019alcaldessa,\u00a0Ada Colau, la\u00a0<a href=\"http:\/\/www.calabria66.net\/\">Comissi\u00f3 Cal\u00e0bria 66<\/a>, formada per m\u00e9s de 40 entitats i col\u00b7lectius del barri \u00a0i la cooperativa de lleure\u00a0El Cordill\u00a0van presentar i inaugurar el nou edifici.<img loading=\"lazy\" decoding=\"async\" class=\"wp-image-4313 alignleft\" src=\"http:\/\/agora.xtec.cat\/escolademusicsijpc\/wp-content\/uploads\/usu459\/2015\/10\/img_3378.jpg\" alt=\"IMG_3378\" width=\"200\" height=\"133\" srcset=\"https:\/\/agora.xtec.cat\/escolademusicsijpc\/wp-content\/uploads\/usu459\/2015\/10\/img_3378.jpg 5184w, https:\/\/agora.xtec.cat\/escolademusicsijpc\/wp-content\/uploads\/usu459\/2015\/10\/img_3378-300x200.jpg 300w, https:\/\/agora.xtec.cat\/escolademusicsijpc\/wp-content\/uploads\/usu459\/2015\/10\/img_3378-1024x683.jpg 1024w\" sizes=\"auto, (max-width: 200px) 100vw, 200px\" \/>\u00a0La jornada de portes obertes va continuar amb un magn\u00edfic concert de la\u00a0<a href=\"http:\/\/ravalsband.blogspot.com.es\/\">Raval\u2019s Band<\/a>, un dinar de carmanyola, un\u00a0espectacle de m\u00e0gia\u00a0i un\u00a0conta contes sahrau\u00ed.<\/p>\n<p><img loading=\"lazy\" decoding=\"async\" class=\"wp-image-4311 alignright\" src=\"http:\/\/agora.xtec.cat\/escolademusicsijpc\/wp-content\/uploads\/usu459\/2015\/10\/img_3439.jpg\" alt=\"IMG_3439\" width=\"200\" height=\"133\" srcset=\"https:\/\/agora.xtec.cat\/escolademusicsijpc\/wp-content\/uploads\/usu459\/2015\/10\/img_3439.jpg 5184w, https:\/\/agora.xtec.cat\/escolademusicsijpc\/wp-content\/uploads\/usu459\/2015\/10\/img_3439-300x200.jpg 300w, https:\/\/agora.xtec.cat\/escolademusicsijpc\/wp-content\/uploads\/usu459\/2015\/10\/img_3439-1024x683.jpg 1024w\" sizes=\"auto, (max-width: 200px) 100vw, 200px\" \/><\/p>\n<p>Tamb\u00e9 es va poder \u00a0gaudir durant tot el dia de l\u2019exposici\u00f3 \u201c40 visiones saharauis, 40 a\u00f1os en el olvido\u201d,\u00a0a m\u00e9s d\u2019una\u00a0lectura de poemes\u00a0i\u00a0exercicis orientals terap\u00e8utics.<\/p>\n<p>A l\u2019auditori de la segona planta hi va haver\u00a0actuacions de joves pianistes, combos\u00a0 de jazz i m\u00fasica moderna de L\u2019Escola de M\u00fasics i JPC.<\/p>\n<p><a href=\"http:\/\/agora.xtec.cat\/escolademusicsijpc\/wp-content\/uploads\/usu459\/2015\/10\/img_3401.jpg\"><img loading=\"lazy\" decoding=\"async\" class=\"wp-image-4316 alignright\" src=\"http:\/\/agora.xtec.cat\/escolademusicsijpc\/wp-content\/uploads\/usu459\/2015\/10\/img_3401.jpg\" alt=\"IMG_3401\" width=\"200\" height=\"133\" srcset=\"https:\/\/agora.xtec.cat\/escolademusicsijpc\/wp-content\/uploads\/usu459\/2015\/10\/img_3401.jpg 5184w, https:\/\/agora.xtec.cat\/escolademusicsijpc\/wp-content\/uploads\/usu459\/2015\/10\/img_3401-300x200.jpg 300w, https:\/\/agora.xtec.cat\/escolademusicsijpc\/wp-content\/uploads\/usu459\/2015\/10\/img_3401-1024x683.jpg 1024w\" sizes=\"auto, (max-width: 200px) 100vw, 200px\" \/><\/a><a href=\"http:\/\/agora.xtec.cat\/escolademusicsijpc\/wp-content\/uploads\/usu459\/2015\/10\/img_3495.jpg\"><img loading=\"lazy\" decoding=\"async\" class=\"wp-image-4312 alignleft\" src=\"http:\/\/agora.xtec.cat\/escolademusicsijpc\/wp-content\/uploads\/usu459\/2015\/10\/img_3495.jpg\" alt=\"IMG_3495\" width=\"200\" height=\"133\" srcset=\"https:\/\/agora.xtec.cat\/escolademusicsijpc\/wp-content\/uploads\/usu459\/2015\/10\/img_3495.jpg 5184w, https:\/\/agora.xtec.cat\/escolademusicsijpc\/wp-content\/uploads\/usu459\/2015\/10\/img_3495-300x200.jpg 300w, https:\/\/agora.xtec.cat\/escolademusicsijpc\/wp-content\/uploads\/usu459\/2015\/10\/img_3495-1024x683.jpg 1024w\" sizes=\"auto, (max-width: 200px) 100vw, 200px\" \/><\/a><\/p>\n<p>Des de l\u2019escola volem felicitar a la Comissi\u00f3 Cal\u00e0bria 66 i desitjar-los que aquest magn\u00edfic\u00a0 centre sigui un nou espai cultural i social de refer\u00e8ncia del barri de Sant Antoni i de la Ciutat de Barcelona.<\/p>\n","protected":false},"excerpt":{"rendered":"<p>L\u2019Escola de M\u00fasics i JPC inaugura conjuntament amb les entitats del barri de Sant Antoni el nou edifici Cal\u00e0bria 66, antiga seu de l\u2019ONCE, que s\u2019ha reobert convertit en un nou equipament\u00a0 cultural i social per al barri de Sant Antoni.<br \/>\n<a href=\"http:\/\/agora.xtec.cat\/escolademusicsijpc\/wp-content\/uploads\/usu459\/2015\/10\/flyer-c66-front-post.jpg\"><\/a><br \/>\nEls ve\u00efns de Sant&hellip;  <a href=\"https:\/\/agora.xtec.cat\/escolademusicsijpc\/grups\/combos\/festa-lliurament-de-claus-%c2%b7-calabria-66\/\" title=\"Read Festa Lliurament de claus \u00b7 Calabria 66\">Llegeix m\u00e9s\u00bb<\/a><\/p>\n","protected":false},"author":1,"featured_media":4313,"comment_status":"open","ping_status":"open","sticky":false,"template":"","format":"standard","meta":{"_bbp_topic_count":0,"_bbp_reply_count":0,"_bbp_total_topic_count":0,"_bbp_total_reply_count":0,"_bbp_voice_count":0,"_bbp_anonymous_reply_count":0,"_bbp_topic_count_hidden":0,"_bbp_reply_count_hidden":0,"_bbp_forum_subforum_count":0,"footnotes":""},"categories":[62,63,75,104],"tags":[],"class_list":["post-4308","post","type-post","status-publish","format-standard","has-post-thumbnail","hentry","category-combos","category-concerts","category-ravals-band","category-uncategorized"],"post_mailing_queue_ids":[],"_links":{"self":[{"href":"https:\/\/agora.xtec.cat\/escolademusicsijpc\/wp-json\/wp\/v2\/posts\/4308","targetHints":{"allow":["GET"]}}],"collection":[{"href":"https:\/\/agora.xtec.cat\/escolademusicsijpc\/wp-json\/wp\/v2\/posts"}],"about":[{"href":"https:\/\/agora.xtec.cat\/escolademusicsijpc\/wp-json\/wp\/v2\/types\/post"}],"author":[{"embeddable":true,"href":"https:\/\/agora.xtec.cat\/escolademusicsijpc\/wp-json\/wp\/v2\/users\/1"}],"replies":[{"embeddable":true,"href":"https:\/\/agora.xtec.cat\/escolademusicsijpc\/wp-json\/wp\/v2\/comments?post=4308"}],"version-history":[{"count":1,"href":"https:\/\/agora.xtec.cat\/escolademusicsijpc\/wp-json\/wp\/v2\/posts\/4308\/revisions"}],"predecessor-version":[{"id":4799,"href":"https:\/\/agora.xtec.cat\/escolademusicsijpc\/wp-json\/wp\/v2\/posts\/4308\/revisions\/4799"}],"wp:featuredmedia":[{"embeddable":true,"href":"https:\/\/agora.xtec.cat\/escolademusicsijpc\/wp-json\/wp\/v2\/media\/4313"}],"wp:attachment":[{"href":"https:\/\/agora.xtec.cat\/escolademusicsijpc\/wp-json\/wp\/v2\/media?parent=4308"}],"wp:term":[{"taxonomy":"category","embeddable":true,"href":"https:\/\/agora.xtec.cat\/escolademusicsijpc\/wp-json\/wp\/v2\/categories?post=4308"},{"taxonomy":"post_tag","embeddable":true,"href":"https:\/\/agora.xtec.cat\/escolademusicsijpc\/wp-json\/wp\/v2\/tags?post=4308"}],"curies":[{"name":"wp","href":"https:\/\/api.w.org\/{rel}","templated":true}]}}