{"id":4304,"date":"2015-09-23T18:17:52","date_gmt":"2015-09-23T17:17:52","guid":{"rendered":"https:\/\/lescolademusicsijpc.wordpress.com\/?p=4304"},"modified":"2016-02-22T19:39:51","modified_gmt":"2016-02-22T18:39:51","slug":"1ermusical-intercentres-petitpalau","status":"publish","type":"post","link":"https:\/\/agora.xtec.cat\/escolademusicsijpc\/corals\/1ermusical-intercentres-petitpalau\/","title":{"rendered":"1erMusical Intercentres PetitPalau"},"content":{"rendered":"<p><iframe loading=\"lazy\" src=\"https:\/\/www.youtube.com\/embed\/y9KS4GXpoxc\" width=\"560\" height=\"315\" frameborder=\"0\" allowfullscreen=\"allowfullscreen\"><\/iframe><\/p>\n<p>El passat 12 de juny, com a concert final del projecte d&#8217;<span class=\"hiddenSpellError\">intercentres<\/span> de l&#8217;escola Pere Vila i l&#8217;institut Pau Claris, els alumnes d&#8217;ambd\u00f3s centres van estrenar el musical &#8220;Estem fets de somnis&#8221; al Petit Palau. La lletra de les can\u00e7ons van ser creades pels mateixos alumnes, la m\u00fasica va ser composta per Joan Miquel P\u00e9rez. La direcci\u00f3 dels cors va anar a carreg d&#8217;Irene Andreu, Cristina Colomer i <span class=\"hiddenSpellError\">Yolanda<\/span> <span class=\"hiddenSpellError\">Mallofr\u00e9<\/span>, acompanyades per Dami\u00e0 Riera, piano, <span class=\"hiddenSpellError\">Bartolom\u00e9<\/span> <span class=\"hiddenSpellError\">Garc\u00eda<\/span>-Plata, clarinet i <span class=\"hiddenSpellError\">Javier<\/span> Crespo, percussi\u00f3.<br \/>\nEl Consorci d&#8217;Educaci\u00f3 va fer el v\u00eddeo que us presentem.<\/p>\n","protected":false},"excerpt":{"rendered":"<p>El passat 12 de juny, com a concert final del projecte d&#8217;intercentres de l&#8217;escola Pere Vila i l&#8217;institut Pau Claris, els alumnes d&#8217;ambd\u00f3s centres van estrenar el musical &#8220;Estem fets de somnis&#8221; al Petit Palau. La lletra de les can\u00e7ons van ser creades pels mateixos&hellip;  <a href=\"https:\/\/agora.xtec.cat\/escolademusicsijpc\/corals\/1ermusical-intercentres-petitpalau\/\" title=\"Read 1erMusical Intercentres PetitPalau\">Llegeix m\u00e9s\u00bb<\/a><\/p>\n","protected":false},"author":1,"featured_media":0,"comment_status":"open","ping_status":"open","sticky":false,"template":"","format":"standard","meta":{"_bbp_topic_count":0,"_bbp_reply_count":0,"_bbp_total_topic_count":0,"_bbp_total_reply_count":0,"_bbp_voice_count":0,"_bbp_anonymous_reply_count":0,"_bbp_topic_count_hidden":0,"_bbp_reply_count_hidden":0,"_bbp_forum_subforum_count":0,"footnotes":""},"categories":[66,104],"tags":[],"class_list":["post-4304","post","type-post","status-publish","format-standard","hentry","category-corals","category-uncategorized"],"post_mailing_queue_ids":[],"_links":{"self":[{"href":"https:\/\/agora.xtec.cat\/escolademusicsijpc\/wp-json\/wp\/v2\/posts\/4304","targetHints":{"allow":["GET"]}}],"collection":[{"href":"https:\/\/agora.xtec.cat\/escolademusicsijpc\/wp-json\/wp\/v2\/posts"}],"about":[{"href":"https:\/\/agora.xtec.cat\/escolademusicsijpc\/wp-json\/wp\/v2\/types\/post"}],"author":[{"embeddable":true,"href":"https:\/\/agora.xtec.cat\/escolademusicsijpc\/wp-json\/wp\/v2\/users\/1"}],"replies":[{"embeddable":true,"href":"https:\/\/agora.xtec.cat\/escolademusicsijpc\/wp-json\/wp\/v2\/comments?post=4304"}],"version-history":[{"count":2,"href":"https:\/\/agora.xtec.cat\/escolademusicsijpc\/wp-json\/wp\/v2\/posts\/4304\/revisions"}],"predecessor-version":[{"id":5172,"href":"https:\/\/agora.xtec.cat\/escolademusicsijpc\/wp-json\/wp\/v2\/posts\/4304\/revisions\/5172"}],"wp:attachment":[{"href":"https:\/\/agora.xtec.cat\/escolademusicsijpc\/wp-json\/wp\/v2\/media?parent=4304"}],"wp:term":[{"taxonomy":"category","embeddable":true,"href":"https:\/\/agora.xtec.cat\/escolademusicsijpc\/wp-json\/wp\/v2\/categories?post=4304"},{"taxonomy":"post_tag","embeddable":true,"href":"https:\/\/agora.xtec.cat\/escolademusicsijpc\/wp-json\/wp\/v2\/tags?post=4304"}],"curies":[{"name":"wp","href":"https:\/\/api.w.org\/{rel}","templated":true}]}}