{"id":4299,"date":"2015-09-17T15:57:28","date_gmt":"2015-09-17T14:57:28","guid":{"rendered":"https:\/\/lescolademusicsijpc.wordpress.com\/?p=4299"},"modified":"2016-02-15T20:41:59","modified_gmt":"2016-02-15T19:41:59","slug":"lescola-de-musics-i-jpc-i-lescola-laboure","status":"publish","type":"post","link":"https:\/\/agora.xtec.cat\/escolademusicsijpc\/uncategorized\/lescola-de-musics-i-jpc-i-lescola-laboure\/","title":{"rendered":"L&#8217;Escola de M\u00fasics i JPC, i L&#8217;Escola Labour\u00e9"},"content":{"rendered":"<p><img loading=\"lazy\" decoding=\"async\" class=\"alignleft size-full wp-image-4301\" src=\"http:\/\/agora.xtec.cat\/escolademusicsijpc\/wp-content\/uploads\/usu459\/2015\/09\/img_20150917_095418603_hdr.gif\" alt=\"IMG_20150917_095418603_HDR\" width=\"250\" height=\"141\" \/>Per quart any consecutiu L&#8217;Escola de M\u00fasics ofereix una formaci\u00f3 a les mestres de m\u00fasica de L&#8217;Escola Labour\u00e9. Aquest any la formadora \u00e9s la nostra professora Cristina Colomer.<\/p>\n","protected":false},"excerpt":{"rendered":"<p>Per quart any consecutiu L&#8217;Escola de M\u00fasics ofereix una formaci\u00f3 a les mestres de m\u00fasica de L&#8217;Escola Labour\u00e9. Aquest any la formadora \u00e9s la nostra professora Cristina Colomer.<\/p>\n","protected":false},"author":1,"featured_media":0,"comment_status":"open","ping_status":"open","sticky":false,"template":"","format":"standard","meta":{"_bbp_topic_count":0,"_bbp_reply_count":0,"_bbp_total_topic_count":0,"_bbp_total_reply_count":0,"_bbp_voice_count":0,"_bbp_anonymous_reply_count":0,"_bbp_topic_count_hidden":0,"_bbp_reply_count_hidden":0,"_bbp_forum_subforum_count":0,"footnotes":""},"categories":[104],"tags":[],"class_list":["post-4299","post","type-post","status-publish","format-standard","hentry","category-uncategorized"],"post_mailing_queue_ids":[],"_links":{"self":[{"href":"https:\/\/agora.xtec.cat\/escolademusicsijpc\/wp-json\/wp\/v2\/posts\/4299","targetHints":{"allow":["GET"]}}],"collection":[{"href":"https:\/\/agora.xtec.cat\/escolademusicsijpc\/wp-json\/wp\/v2\/posts"}],"about":[{"href":"https:\/\/agora.xtec.cat\/escolademusicsijpc\/wp-json\/wp\/v2\/types\/post"}],"author":[{"embeddable":true,"href":"https:\/\/agora.xtec.cat\/escolademusicsijpc\/wp-json\/wp\/v2\/users\/1"}],"replies":[{"embeddable":true,"href":"https:\/\/agora.xtec.cat\/escolademusicsijpc\/wp-json\/wp\/v2\/comments?post=4299"}],"version-history":[{"count":1,"href":"https:\/\/agora.xtec.cat\/escolademusicsijpc\/wp-json\/wp\/v2\/posts\/4299\/revisions"}],"predecessor-version":[{"id":4613,"href":"https:\/\/agora.xtec.cat\/escolademusicsijpc\/wp-json\/wp\/v2\/posts\/4299\/revisions\/4613"}],"wp:attachment":[{"href":"https:\/\/agora.xtec.cat\/escolademusicsijpc\/wp-json\/wp\/v2\/media?parent=4299"}],"wp:term":[{"taxonomy":"category","embeddable":true,"href":"https:\/\/agora.xtec.cat\/escolademusicsijpc\/wp-json\/wp\/v2\/categories?post=4299"},{"taxonomy":"post_tag","embeddable":true,"href":"https:\/\/agora.xtec.cat\/escolademusicsijpc\/wp-json\/wp\/v2\/tags?post=4299"}],"curies":[{"name":"wp","href":"https:\/\/api.w.org\/{rel}","templated":true}]}}