{"id":4240,"date":"2015-06-19T14:27:19","date_gmt":"2015-06-19T13:27:19","guid":{"rendered":"https:\/\/lescolademusicsijpc.wordpress.com\/?p=4240"},"modified":"2016-02-22T20:49:18","modified_gmt":"2016-02-22T19:49:18","slug":"marato-de-piano-2","status":"publish","type":"post","link":"https:\/\/agora.xtec.cat\/escolademusicsijpc\/concerts\/marato-de-piano-2\/","title":{"rendered":"Marat\u00f3 de piano"},"content":{"rendered":"<p>El passat dia 14 es va celebrar a l&#8217;escola de M\u00fasics la primera marat\u00f3 pian\u00edstica amb una participaci\u00f3 que va estar a prop dels 80 m\u00fasics. Durant tot el dia es van poder escoltar els diferents estils musicals aportats pels alumnes de l&#8217;escola, cadascun d&#8217;ells va tenir un obsequi de record de l&#8217;esdeveniment i en cada categoria es va premiar la millor interpretaci\u00f3, els guanyadors van ser:<\/p>\n<div><\/div>\n<div>Categoria 1- Lua Marin Sentinella<\/div>\n<div>Categoria 2- Quima Escol\u00e0<\/div>\n<div>Categoria 3- Eva Gomar<\/div>\n<div>Categoria 4- Xavier Escuder<\/div>\n<div>Categoria 5- Kadir Calleja<\/div>\n<div>Categoria 6- Roger Borr\u00e1s<\/div>\n<p><a href=\"https:\/\/lescolademusicsijpc.files.wordpress.com\/2015\/06\/1.gif\"><img loading=\"lazy\" decoding=\"async\" class=\"alignleft size-full wp-image-4242\" src=\"https:\/\/lescolademusicsijpc.files.wordpress.com\/2015\/06\/1.gif\" alt=\"1\" width=\"200\" height=\"150\" \/><\/a> <a href=\"https:\/\/lescolademusicsijpc.files.wordpress.com\/2015\/06\/3.gif\"><img loading=\"lazy\" decoding=\"async\" class=\"alignleft size-full wp-image-4244\" src=\"https:\/\/lescolademusicsijpc.files.wordpress.com\/2015\/06\/3.gif\" alt=\"3\" width=\"200\" height=\"150\" \/><\/a> <a href=\"https:\/\/lescolademusicsijpc.files.wordpress.com\/2015\/06\/41.gif\"><img loading=\"lazy\" decoding=\"async\" class=\"alignleft size-full wp-image-4245\" src=\"https:\/\/lescolademusicsijpc.files.wordpress.com\/2015\/06\/41.gif\" alt=\"4\" width=\"200\" height=\"150\" \/><\/a> <a href=\"https:\/\/lescolademusicsijpc.files.wordpress.com\/2015\/06\/5.gif\"><img loading=\"lazy\" decoding=\"async\" class=\"alignleft size-full wp-image-4246\" src=\"https:\/\/lescolademusicsijpc.files.wordpress.com\/2015\/06\/5.gif\" alt=\"5\" width=\"200\" height=\"150\" \/><\/a> <a href=\"https:\/\/lescolademusicsijpc.files.wordpress.com\/2015\/06\/71.gif\"><img loading=\"lazy\" decoding=\"async\" class=\"alignleft size-full wp-image-4248\" src=\"https:\/\/lescolademusicsijpc.files.wordpress.com\/2015\/06\/71.gif\" alt=\"7\" width=\"200\" height=\"150\" \/><\/a> <a href=\"https:\/\/lescolademusicsijpc.files.wordpress.com\/2015\/06\/8.gif\"><img loading=\"lazy\" decoding=\"async\" class=\"alignleft size-full wp-image-4249\" src=\"https:\/\/lescolademusicsijpc.files.wordpress.com\/2015\/06\/8.gif\" alt=\"8\" width=\"200\" height=\"150\" \/><\/a> <a href=\"https:\/\/lescolademusicsijpc.files.wordpress.com\/2015\/06\/101.gif\"><img loading=\"lazy\" decoding=\"async\" class=\"alignleft size-full wp-image-4251\" src=\"https:\/\/lescolademusicsijpc.files.wordpress.com\/2015\/06\/101.gif\" alt=\"10\" width=\"200\" height=\"150\" \/><\/a> <a href=\"https:\/\/lescolademusicsijpc.files.wordpress.com\/2015\/06\/111.gif\"><img loading=\"lazy\" decoding=\"async\" class=\"alignleft size-full wp-image-4252\" src=\"https:\/\/lescolademusicsijpc.files.wordpress.com\/2015\/06\/111.gif\" alt=\"11\" width=\"200\" height=\"150\" \/><\/a> <a href=\"https:\/\/lescolademusicsijpc.files.wordpress.com\/2015\/06\/121.gif\"><img loading=\"lazy\" decoding=\"async\" class=\"alignleft size-full wp-image-4253\" src=\"https:\/\/lescolademusicsijpc.files.wordpress.com\/2015\/06\/121.gif\" alt=\"12\" width=\"200\" height=\"150\" \/><\/a> <a href=\"https:\/\/lescolademusicsijpc.files.wordpress.com\/2015\/06\/13.gif\"><img loading=\"lazy\" decoding=\"async\" class=\"alignleft size-full wp-image-4254\" src=\"https:\/\/lescolademusicsijpc.files.wordpress.com\/2015\/06\/13.gif\" alt=\"13\" width=\"200\" height=\"150\" \/><\/a> <a href=\"https:\/\/lescolademusicsijpc.files.wordpress.com\/2015\/06\/marato1.gif\"><img loading=\"lazy\" decoding=\"async\" class=\"alignleft size-full wp-image-4257\" src=\"https:\/\/lescolademusicsijpc.files.wordpress.com\/2015\/06\/marato1.gif\" alt=\"marato1\" width=\"200\" height=\"150\" \/><\/a><\/p>\n","protected":false},"excerpt":{"rendered":"<p>El passat dia 14 es va celebrar a l&#8217;escola de M\u00fasics la primera marat\u00f3 pian\u00edstica amb una participaci\u00f3 que va estar a prop dels 80 m\u00fasics. Durant tot el dia es van poder escoltar els diferents estils musicals aportats pels alumnes de l&#8217;escola, cadascun d&#8217;ells&hellip;  <a href=\"https:\/\/agora.xtec.cat\/escolademusicsijpc\/concerts\/marato-de-piano-2\/\" title=\"Read Marat\u00f3 de piano\">Llegeix m\u00e9s\u00bb<\/a><\/p>\n","protected":false},"author":1,"featured_media":4249,"comment_status":"open","ping_status":"open","sticky":false,"template":"","format":"standard","meta":{"_bbp_topic_count":0,"_bbp_reply_count":0,"_bbp_total_topic_count":0,"_bbp_total_reply_count":0,"_bbp_voice_count":0,"_bbp_anonymous_reply_count":0,"_bbp_topic_count_hidden":0,"_bbp_reply_count_hidden":0,"_bbp_forum_subforum_count":0,"footnotes":""},"categories":[63,104],"tags":[],"class_list":["post-4240","post","type-post","status-publish","format-standard","has-post-thumbnail","hentry","category-concerts","category-uncategorized"],"post_mailing_queue_ids":[],"_links":{"self":[{"href":"https:\/\/agora.xtec.cat\/escolademusicsijpc\/wp-json\/wp\/v2\/posts\/4240","targetHints":{"allow":["GET"]}}],"collection":[{"href":"https:\/\/agora.xtec.cat\/escolademusicsijpc\/wp-json\/wp\/v2\/posts"}],"about":[{"href":"https:\/\/agora.xtec.cat\/escolademusicsijpc\/wp-json\/wp\/v2\/types\/post"}],"author":[{"embeddable":true,"href":"https:\/\/agora.xtec.cat\/escolademusicsijpc\/wp-json\/wp\/v2\/users\/1"}],"replies":[{"embeddable":true,"href":"https:\/\/agora.xtec.cat\/escolademusicsijpc\/wp-json\/wp\/v2\/comments?post=4240"}],"version-history":[{"count":1,"href":"https:\/\/agora.xtec.cat\/escolademusicsijpc\/wp-json\/wp\/v2\/posts\/4240\/revisions"}],"predecessor-version":[{"id":4838,"href":"https:\/\/agora.xtec.cat\/escolademusicsijpc\/wp-json\/wp\/v2\/posts\/4240\/revisions\/4838"}],"wp:featuredmedia":[{"embeddable":true,"href":"https:\/\/agora.xtec.cat\/escolademusicsijpc\/wp-json\/wp\/v2\/media\/4249"}],"wp:attachment":[{"href":"https:\/\/agora.xtec.cat\/escolademusicsijpc\/wp-json\/wp\/v2\/media?parent=4240"}],"wp:term":[{"taxonomy":"category","embeddable":true,"href":"https:\/\/agora.xtec.cat\/escolademusicsijpc\/wp-json\/wp\/v2\/categories?post=4240"},{"taxonomy":"post_tag","embeddable":true,"href":"https:\/\/agora.xtec.cat\/escolademusicsijpc\/wp-json\/wp\/v2\/tags?post=4240"}],"curies":[{"name":"wp","href":"https:\/\/api.w.org\/{rel}","templated":true}]}}