{"id":4142,"date":"2015-05-27T17:27:16","date_gmt":"2015-05-27T16:27:16","guid":{"rendered":"https:\/\/lescolademusicsijpc.wordpress.com\/?p=4142"},"modified":"2016-02-22T21:04:06","modified_gmt":"2016-02-22T20:04:06","slug":"marato-de-piano","status":"publish","type":"post","link":"https:\/\/agora.xtec.cat\/escolademusicsijpc\/concerts\/marato-de-piano\/","title":{"rendered":"Marat\u00f3 de Piano"},"content":{"rendered":"<p><img loading=\"lazy\" decoding=\"async\" class=\"alignright wp-image-4143 size-full\" src=\"http:\/\/agora.xtec.cat\/escolademusicsijpc\/wp-content\/uploads\/usu459\/2015\/05\/marato.gif\" alt=\"marato\" width=\"141\" height=\"200\" \/>La &#8220;marat\u00f3 de piano&#8221; \u00e9s l&#8217;activitat de l&#8217;\u00e0rea de piano que serveix com a mostra final del curs espec\u00edficament per als alumnes de piano. Est\u00e0 pensada per permetre la m\u00e0xima participaci\u00f3 possible, per la qual cosa els requisits s\u00f3n m\u00ednims, n&#8217;hi ha prou amb ser alumne de piano de l&#8217;escola i preparar una sola pe\u00e7a, de mem\u00f2ria i a bon nivell d&#8217;execuci\u00f3 t\u00e8cnica i musical, per respectar la qualitat del concert i la satisfacci\u00f3 de tots els participants, tant alumne com a p\u00fablic. Poden acudir tots els familiars i\/o amics que cadascun vulgui convocar.<br \/>\nHi haur\u00e0 un reconeixement especial de l&#8217;estudi realitzat al llarg del curs i per preparar la mostra, i especialment a qui destaqui com a millor int\u00e8rpret en cadascuna de les categories d&#8217;edat en les quals es distribueix la participaci\u00f3, decidit per consens pels professors de l&#8217;escola.<\/p>\n<ul>\n<li>Diumenge 14 de Juny 2015<\/li>\n<li>A partir de les 10 del mat\u00ed<\/li>\n<li>C\/Riera Alta, 10<\/li>\n<li>Entrada Lliure<\/li>\n<\/ul>\n","protected":false},"excerpt":{"rendered":"<p>La &#8220;marat\u00f3 de piano&#8221; \u00e9s l&#8217;activitat de l&#8217;\u00e0rea de piano que serveix com a mostra final del curs espec\u00edficament per als alumnes de piano. Est\u00e0 pensada per permetre la m\u00e0xima participaci\u00f3 possible, per la qual cosa els requisits s\u00f3n m\u00ednims, n&#8217;hi ha prou amb ser&hellip;  <a href=\"https:\/\/agora.xtec.cat\/escolademusicsijpc\/concerts\/marato-de-piano\/\" title=\"Read Marat\u00f3 de Piano\">Llegeix m\u00e9s\u00bb<\/a><\/p>\n","protected":false},"author":1,"featured_media":4143,"comment_status":"open","ping_status":"open","sticky":false,"template":"","format":"standard","meta":{"_bbp_topic_count":0,"_bbp_reply_count":0,"_bbp_total_topic_count":0,"_bbp_total_reply_count":0,"_bbp_voice_count":0,"_bbp_anonymous_reply_count":0,"_bbp_topic_count_hidden":0,"_bbp_reply_count_hidden":0,"_bbp_forum_subforum_count":0,"footnotes":""},"categories":[63,104],"tags":[],"class_list":["post-4142","post","type-post","status-publish","format-standard","has-post-thumbnail","hentry","category-concerts","category-uncategorized"],"post_mailing_queue_ids":[],"_links":{"self":[{"href":"https:\/\/agora.xtec.cat\/escolademusicsijpc\/wp-json\/wp\/v2\/posts\/4142","targetHints":{"allow":["GET"]}}],"collection":[{"href":"https:\/\/agora.xtec.cat\/escolademusicsijpc\/wp-json\/wp\/v2\/posts"}],"about":[{"href":"https:\/\/agora.xtec.cat\/escolademusicsijpc\/wp-json\/wp\/v2\/types\/post"}],"author":[{"embeddable":true,"href":"https:\/\/agora.xtec.cat\/escolademusicsijpc\/wp-json\/wp\/v2\/users\/1"}],"replies":[{"embeddable":true,"href":"https:\/\/agora.xtec.cat\/escolademusicsijpc\/wp-json\/wp\/v2\/comments?post=4142"}],"version-history":[{"count":1,"href":"https:\/\/agora.xtec.cat\/escolademusicsijpc\/wp-json\/wp\/v2\/posts\/4142\/revisions"}],"predecessor-version":[{"id":4840,"href":"https:\/\/agora.xtec.cat\/escolademusicsijpc\/wp-json\/wp\/v2\/posts\/4142\/revisions\/4840"}],"wp:featuredmedia":[{"embeddable":true,"href":"https:\/\/agora.xtec.cat\/escolademusicsijpc\/wp-json\/wp\/v2\/media\/4143"}],"wp:attachment":[{"href":"https:\/\/agora.xtec.cat\/escolademusicsijpc\/wp-json\/wp\/v2\/media?parent=4142"}],"wp:term":[{"taxonomy":"category","embeddable":true,"href":"https:\/\/agora.xtec.cat\/escolademusicsijpc\/wp-json\/wp\/v2\/categories?post=4142"},{"taxonomy":"post_tag","embeddable":true,"href":"https:\/\/agora.xtec.cat\/escolademusicsijpc\/wp-json\/wp\/v2\/tags?post=4142"}],"curies":[{"name":"wp","href":"https:\/\/api.w.org\/{rel}","templated":true}]}}