{"id":4138,"date":"2015-05-25T19:10:49","date_gmt":"2015-05-25T18:10:49","guid":{"rendered":"https:\/\/lescolademusicsijpc.wordpress.com\/?p=4138"},"modified":"2016-02-22T21:04:36","modified_gmt":"2016-02-22T20:04:36","slug":"musicals-choir-2","status":"publish","type":"post","link":"https:\/\/agora.xtec.cat\/escolademusicsijpc\/corals\/musicals-choir-2\/","title":{"rendered":"Musicals&#8217; Choir"},"content":{"rendered":"<p><iframe loading=\"lazy\" src=\"https:\/\/www.youtube.com\/embed\/SJtBs8vUmMg\" width=\"420\" height=\"315\" frameborder=\"0\" allowfullscreen=\"allowfullscreen\"><\/iframe><\/p>\n<p>Us presentem un v\u00eddeo que ha fet Musicals&#8217;\u00a0<span class=\"hiddenSpellError\">Choir<\/span><span class=\"hiddenGrammarError\"> .<\/span> Aquesta coral de l\u2019Escola de M\u00fasics fa tres mesos que s\u2019ha creat i comencen amb moltes ganes. El repertori de la coral ser\u00e0 de musicals i est\u00e0 format per nois i noies de l\u2019Escola de M\u00fasics i dels Cors de Ciutat Vella. La directora \u00e9s Cristina Colomer. El v\u00eddeo s\u2019ha pogut fer gr\u00e0cies a la col\u00b7laboraci\u00f3 de Joaquim <span class=\"hiddenSpellError\">Tardido<\/span>.<\/p>\n","protected":false},"excerpt":{"rendered":"<p>Us presentem un v\u00eddeo que ha fet Musicals&#8217;\u00a0Choir . Aquesta coral de l\u2019Escola de M\u00fasics fa tres mesos que s\u2019ha creat i comencen amb moltes ganes. El repertori de la coral ser\u00e0 de musicals i est\u00e0 format per nois i noies de l\u2019Escola de M\u00fasics&hellip;  <a href=\"https:\/\/agora.xtec.cat\/escolademusicsijpc\/corals\/musicals-choir-2\/\" title=\"Read Musicals&#8217; Choir\">Llegeix m\u00e9s\u00bb<\/a><\/p>\n","protected":false},"author":1,"featured_media":0,"comment_status":"open","ping_status":"open","sticky":false,"template":"","format":"standard","meta":{"_bbp_topic_count":0,"_bbp_reply_count":0,"_bbp_total_topic_count":0,"_bbp_total_reply_count":0,"_bbp_voice_count":0,"_bbp_anonymous_reply_count":0,"_bbp_topic_count_hidden":0,"_bbp_reply_count_hidden":0,"_bbp_forum_subforum_count":0,"footnotes":""},"categories":[66,104],"tags":[],"class_list":["post-4138","post","type-post","status-publish","format-standard","hentry","category-corals","category-uncategorized"],"post_mailing_queue_ids":[],"_links":{"self":[{"href":"https:\/\/agora.xtec.cat\/escolademusicsijpc\/wp-json\/wp\/v2\/posts\/4138","targetHints":{"allow":["GET"]}}],"collection":[{"href":"https:\/\/agora.xtec.cat\/escolademusicsijpc\/wp-json\/wp\/v2\/posts"}],"about":[{"href":"https:\/\/agora.xtec.cat\/escolademusicsijpc\/wp-json\/wp\/v2\/types\/post"}],"author":[{"embeddable":true,"href":"https:\/\/agora.xtec.cat\/escolademusicsijpc\/wp-json\/wp\/v2\/users\/1"}],"replies":[{"embeddable":true,"href":"https:\/\/agora.xtec.cat\/escolademusicsijpc\/wp-json\/wp\/v2\/comments?post=4138"}],"version-history":[{"count":2,"href":"https:\/\/agora.xtec.cat\/escolademusicsijpc\/wp-json\/wp\/v2\/posts\/4138\/revisions"}],"predecessor-version":[{"id":5181,"href":"https:\/\/agora.xtec.cat\/escolademusicsijpc\/wp-json\/wp\/v2\/posts\/4138\/revisions\/5181"}],"wp:attachment":[{"href":"https:\/\/agora.xtec.cat\/escolademusicsijpc\/wp-json\/wp\/v2\/media?parent=4138"}],"wp:term":[{"taxonomy":"category","embeddable":true,"href":"https:\/\/agora.xtec.cat\/escolademusicsijpc\/wp-json\/wp\/v2\/categories?post=4138"},{"taxonomy":"post_tag","embeddable":true,"href":"https:\/\/agora.xtec.cat\/escolademusicsijpc\/wp-json\/wp\/v2\/tags?post=4138"}],"curies":[{"name":"wp","href":"https:\/\/api.w.org\/{rel}","templated":true}]}}