{"id":4127,"date":"2015-05-22T18:30:03","date_gmt":"2015-05-22T17:30:03","guid":{"rendered":"https:\/\/lescolademusicsijpc.wordpress.com\/?p=4127"},"modified":"2016-02-22T21:14:54","modified_gmt":"2016-02-22T20:14:54","slug":"somfonic-%c2%b7-festival-concerts-simultanis","status":"publish","type":"post","link":"https:\/\/agora.xtec.cat\/escolademusicsijpc\/concerts\/somfonic-%c2%b7-festival-concerts-simultanis\/","title":{"rendered":"SIMFONIC \u00b7 Festival Concerts Simultanis"},"content":{"rendered":"<p><img loading=\"lazy\" decoding=\"async\" class=\"alignright wp-image-4133 size-full\" src=\"http:\/\/agora.xtec.cat\/escolademusicsijpc\/wp-content\/uploads\/usu459\/2015\/05\/simfonic.gif\" alt=\"simfonic\" width=\"145\" height=\"200\" \/>Dissabte 13 de Juny 2015. Diada de m\u00e9s de 100 concerts simultanis i gratu\u00efts realitzats per m\u00e9s de 5.000 estudiants d\u2019 escoles de m\u00fasica a m\u00e9s de 100 racons emblem\u00e0tics de Catalunya i Balears.<\/p>\n<p>L&#8217;Escola de M\u00fasics i JPC actuar\u00e0 al Caf\u00e8 Teatre Llantiol,\u00a0c\/de la Riereta7 a les 18h.<\/p>\n<p>Les actuacions tenen lloc a espais tant singulars com el Recinte modernista de Sant Pau de Barcelona, el pati de La Casa Rull de Reus, l\u2019Esgl\u00e9sia rom\u00e0nica de Sant Mart\u00ed a Lleida o la Fundaci\u00f3 Pilar i Joan Mir\u00f3 a Mallorca.\u00a0El projecte neix l\u2019any 2010 de la m\u00e0 de l\u2019 Associaci\u00f3 SIMFONIC amb la voluntat de visualitzar la tasca que venen desenvolupant les escoles de m\u00fasica, aconseguint que els joves m\u00fasics siguin els protagonistes.<\/p>\n<p>Tria el teu concert:\u00a0<a href=\"http:\/\/www.simfonic.org\/\">http:\/\/www.simfonic.org\/<\/a><\/p>\n","protected":false},"excerpt":{"rendered":"<p>Dissabte 13 de Juny 2015. Diada de m\u00e9s de 100 concerts simultanis i gratu\u00efts realitzats per m\u00e9s de 5.000 estudiants d\u2019 escoles de m\u00fasica a m\u00e9s de 100 racons emblem\u00e0tics de Catalunya i Balears.<br \/>\nL&#8217;Escola de M\u00fasics i JPC actuar\u00e0 al Caf\u00e8 Teatre Llantiol,\u00a0c\/de la Riereta7&hellip;  <a href=\"https:\/\/agora.xtec.cat\/escolademusicsijpc\/concerts\/somfonic-%c2%b7-festival-concerts-simultanis\/\" title=\"Read SIMFONIC \u00b7 Festival Concerts Simultanis\">Llegeix m\u00e9s\u00bb<\/a><\/p>\n","protected":false},"author":1,"featured_media":4133,"comment_status":"open","ping_status":"open","sticky":false,"template":"","format":"standard","meta":{"_bbp_topic_count":0,"_bbp_reply_count":0,"_bbp_total_topic_count":0,"_bbp_total_reply_count":0,"_bbp_voice_count":0,"_bbp_anonymous_reply_count":0,"_bbp_topic_count_hidden":0,"_bbp_reply_count_hidden":0,"_bbp_forum_subforum_count":0,"footnotes":""},"categories":[63,104],"tags":[],"class_list":["post-4127","post","type-post","status-publish","format-standard","has-post-thumbnail","hentry","category-concerts","category-uncategorized"],"post_mailing_queue_ids":[],"_links":{"self":[{"href":"https:\/\/agora.xtec.cat\/escolademusicsijpc\/wp-json\/wp\/v2\/posts\/4127","targetHints":{"allow":["GET"]}}],"collection":[{"href":"https:\/\/agora.xtec.cat\/escolademusicsijpc\/wp-json\/wp\/v2\/posts"}],"about":[{"href":"https:\/\/agora.xtec.cat\/escolademusicsijpc\/wp-json\/wp\/v2\/types\/post"}],"author":[{"embeddable":true,"href":"https:\/\/agora.xtec.cat\/escolademusicsijpc\/wp-json\/wp\/v2\/users\/1"}],"replies":[{"embeddable":true,"href":"https:\/\/agora.xtec.cat\/escolademusicsijpc\/wp-json\/wp\/v2\/comments?post=4127"}],"version-history":[{"count":1,"href":"https:\/\/agora.xtec.cat\/escolademusicsijpc\/wp-json\/wp\/v2\/posts\/4127\/revisions"}],"predecessor-version":[{"id":4842,"href":"https:\/\/agora.xtec.cat\/escolademusicsijpc\/wp-json\/wp\/v2\/posts\/4127\/revisions\/4842"}],"wp:featuredmedia":[{"embeddable":true,"href":"https:\/\/agora.xtec.cat\/escolademusicsijpc\/wp-json\/wp\/v2\/media\/4133"}],"wp:attachment":[{"href":"https:\/\/agora.xtec.cat\/escolademusicsijpc\/wp-json\/wp\/v2\/media?parent=4127"}],"wp:term":[{"taxonomy":"category","embeddable":true,"href":"https:\/\/agora.xtec.cat\/escolademusicsijpc\/wp-json\/wp\/v2\/categories?post=4127"},{"taxonomy":"post_tag","embeddable":true,"href":"https:\/\/agora.xtec.cat\/escolademusicsijpc\/wp-json\/wp\/v2\/tags?post=4127"}],"curies":[{"name":"wp","href":"https:\/\/api.w.org\/{rel}","templated":true}]}}