{"id":4119,"date":"2015-05-20T19:15:25","date_gmt":"2015-05-20T18:15:25","guid":{"rendered":"https:\/\/lescolademusicsijpc.wordpress.com\/?p=4119"},"modified":"2016-02-22T21:15:38","modified_gmt":"2016-02-22T20:15:38","slug":"concert-a-la-capella-de-la-immaculada","status":"publish","type":"post","link":"https:\/\/agora.xtec.cat\/escolademusicsijpc\/concerts\/concert-a-la-capella-de-la-immaculada\/","title":{"rendered":"Concert a la Capella de la Immaculada"},"content":{"rendered":"<p>Aquest \u00e9s\u00a0un recull de fotos del concert dels nostres alumnes Maria P\u00e9rez Roma, Roger Borr\u00e0s Freidiani i Adri\u00e0 Garcia Perea\u00a0a la Capella de la Immaculada.<\/p>\n<p><a href=\"http:\/\/agora.xtec.cat\/escolademusicsijpc\/wp-content\/uploads\/usu459\/2015\/05\/els-tres.gif\"><img loading=\"lazy\" decoding=\"async\" class=\"alignleft size-full wp-image-4120\" src=\"http:\/\/agora.xtec.cat\/escolademusicsijpc\/wp-content\/uploads\/usu459\/2015\/05\/els-tres.gif\" alt=\"els-tres\" width=\"200\" height=\"133\" \/><\/a> <a href=\"http:\/\/agora.xtec.cat\/escolademusicsijpc\/wp-content\/uploads\/usu459\/2015\/05\/roger.gif\"><img loading=\"lazy\" decoding=\"async\" class=\"alignleft size-full wp-image-4121\" src=\"http:\/\/agora.xtec.cat\/escolademusicsijpc\/wp-content\/uploads\/usu459\/2015\/05\/roger.gif\" alt=\"roger\" width=\"200\" height=\"133\" \/><\/a> <a href=\"http:\/\/agora.xtec.cat\/escolademusicsijpc\/wp-content\/uploads\/usu459\/2015\/05\/ella.gif\"><img loading=\"lazy\" decoding=\"async\" class=\"alignleft size-full wp-image-4122\" src=\"http:\/\/agora.xtec.cat\/escolademusicsijpc\/wp-content\/uploads\/usu459\/2015\/05\/ella.gif\" alt=\"ella\" width=\"200\" height=\"133\" \/><\/a> <a href=\"http:\/\/agora.xtec.cat\/escolademusicsijpc\/wp-content\/uploads\/usu459\/2015\/05\/perea.gif\"><img loading=\"lazy\" decoding=\"async\" class=\"alignleft size-full wp-image-4123\" src=\"http:\/\/agora.xtec.cat\/escolademusicsijpc\/wp-content\/uploads\/usu459\/2015\/05\/perea.gif\" alt=\"perea\" width=\"200\" height=\"133\" \/><\/a><\/p>\n","protected":false},"excerpt":{"rendered":"<p>Aquest \u00e9s\u00a0un recull de fotos del concert dels nostres alumnes Maria P\u00e9rez Roma, Roger Borr\u00e0s Freidiani i Adri\u00e0 Garcia Perea\u00a0a la Capella de la Immaculada.<br \/>\n<a href=\"http:\/\/agora.xtec.cat\/escolademusicsijpc\/wp-content\/uploads\/usu459\/2015\/05\/els-tres.gif\"><\/a> <a href=\"http:\/\/agora.xtec.cat\/escolademusicsijpc\/wp-content\/uploads\/usu459\/2015\/05\/roger.gif\"><\/a> <a href=\"http:\/\/agora.xtec.cat\/escolademusicsijpc\/wp-content\/uploads\/usu459\/2015\/05\/ella.gif\"><\/a> <a href=\"http:\/\/agora.xtec.cat\/escolademusicsijpc\/wp-content\/uploads\/usu459\/2015\/05\/perea.gif\"><\/a><\/p>\n","protected":false},"author":1,"featured_media":4120,"comment_status":"open","ping_status":"open","sticky":false,"template":"","format":"standard","meta":{"_bbp_topic_count":0,"_bbp_reply_count":0,"_bbp_total_topic_count":0,"_bbp_total_reply_count":0,"_bbp_voice_count":0,"_bbp_anonymous_reply_count":0,"_bbp_topic_count_hidden":0,"_bbp_reply_count_hidden":0,"_bbp_forum_subforum_count":0,"footnotes":""},"categories":[63,104],"tags":[],"class_list":["post-4119","post","type-post","status-publish","format-standard","has-post-thumbnail","hentry","category-concerts","category-uncategorized"],"post_mailing_queue_ids":[],"_links":{"self":[{"href":"https:\/\/agora.xtec.cat\/escolademusicsijpc\/wp-json\/wp\/v2\/posts\/4119","targetHints":{"allow":["GET"]}}],"collection":[{"href":"https:\/\/agora.xtec.cat\/escolademusicsijpc\/wp-json\/wp\/v2\/posts"}],"about":[{"href":"https:\/\/agora.xtec.cat\/escolademusicsijpc\/wp-json\/wp\/v2\/types\/post"}],"author":[{"embeddable":true,"href":"https:\/\/agora.xtec.cat\/escolademusicsijpc\/wp-json\/wp\/v2\/users\/1"}],"replies":[{"embeddable":true,"href":"https:\/\/agora.xtec.cat\/escolademusicsijpc\/wp-json\/wp\/v2\/comments?post=4119"}],"version-history":[{"count":1,"href":"https:\/\/agora.xtec.cat\/escolademusicsijpc\/wp-json\/wp\/v2\/posts\/4119\/revisions"}],"predecessor-version":[{"id":4844,"href":"https:\/\/agora.xtec.cat\/escolademusicsijpc\/wp-json\/wp\/v2\/posts\/4119\/revisions\/4844"}],"wp:featuredmedia":[{"embeddable":true,"href":"https:\/\/agora.xtec.cat\/escolademusicsijpc\/wp-json\/wp\/v2\/media\/4120"}],"wp:attachment":[{"href":"https:\/\/agora.xtec.cat\/escolademusicsijpc\/wp-json\/wp\/v2\/media?parent=4119"}],"wp:term":[{"taxonomy":"category","embeddable":true,"href":"https:\/\/agora.xtec.cat\/escolademusicsijpc\/wp-json\/wp\/v2\/categories?post=4119"},{"taxonomy":"post_tag","embeddable":true,"href":"https:\/\/agora.xtec.cat\/escolademusicsijpc\/wp-json\/wp\/v2\/tags?post=4119"}],"curies":[{"name":"wp","href":"https:\/\/api.w.org\/{rel}","templated":true}]}}