{"id":4088,"date":"2015-05-18T17:41:58","date_gmt":"2015-05-18T16:41:58","guid":{"rendered":"https:\/\/lescolademusicsijpc.wordpress.com\/?p=4088"},"modified":"2016-02-22T21:17:01","modified_gmt":"2016-02-22T20:17:01","slug":"grans-actuacions-a-la-nit-dels-museus","status":"publish","type":"post","link":"https:\/\/agora.xtec.cat\/escolademusicsijpc\/corals\/grans-actuacions-a-la-nit-dels-museus\/","title":{"rendered":"Grans actuacions a la nit dels Museus"},"content":{"rendered":"<p>Aquest \u00e9s un recull de fotografies de les actuacions dels nostres alumnes a la nit dels Museus a les Drassanes de Barcelona.<\/p>\n<figure class=\"figure wp-caption alignleft\"><img loading=\"lazy\" decoding=\"async\" class=\"wp-image-4103 size-full\" src=\"http:\/\/agora.xtec.cat\/escolademusicsijpc\/wp-content\/uploads\/usu459\/2015\/05\/preparant-c3baltimes-posicions-amb-musicals-choir1.gif\" alt=\"Preparant \u00faltimes posicions amb Musical's Choir\" width=\"200\" height=\"113\" \/><figcaption class=\"wp-caption-text\">Musical&#8217;s Choir<\/figcaption><\/figure>\n<figure class=\"figure wp-caption alignleft\"><img loading=\"lazy\" decoding=\"async\" class=\"wp-image-4104 size-full\" src=\"http:\/\/agora.xtec.cat\/escolademusicsijpc\/wp-content\/uploads\/usu459\/2015\/05\/comenc3a7ar-lassaig-de-sons-de-veu.gif\" alt=\"Comen\u00e7ar l'assaig de Sons de Veu!\" width=\"200\" height=\"150\" \/><figcaption class=\"wp-caption-text\">Comen\u00e7ar l&#8217;assaig de Sons de Veu!<\/figcaption><\/figure>\n<figure class=\"figure wp-caption alignleft\"><a href=\"http:\/\/agora.xtec.cat\/escolademusicsijpc\/wp-content\/uploads\/usu459\/2015\/05\/americc3a0-a-parc3ads-gershwin.gif\"><img loading=\"lazy\" decoding=\"async\" class=\"size-full wp-image-4091\" src=\"http:\/\/agora.xtec.cat\/escolademusicsijpc\/wp-content\/uploads\/usu459\/2015\/05\/americc3a0-a-parc3ads-gershwin.gif\" alt=\"Raval Simf\u00f2nic Americ\u00e0 a Par\u00eds! Gershwin\" width=\"200\" height=\"150\" \/><\/a><figcaption class=\"wp-caption-text\">Raval Simf\u00f2nic Americ\u00e0 a Par\u00eds! Gershwin<\/figcaption><\/figure>\n<figure class=\"figure wp-caption alignleft\"><a href=\"http:\/\/agora.xtec.cat\/escolademusicsijpc\/wp-content\/uploads\/usu459\/2015\/05\/la-ravals-band-al-marc3adtim-amb-bartolomc3a9-garcc3ada-plata-a-la-direccic3b3.gif\"><img loading=\"lazy\" decoding=\"async\" class=\"size-full wp-image-4097\" src=\"http:\/\/agora.xtec.cat\/escolademusicsijpc\/wp-content\/uploads\/usu459\/2015\/05\/la-ravals-band-al-marc3adtim-amb-bartolomc3a9-garcc3ada-plata-a-la-direccic3b3.gif\" alt=\"La Raval's Band al Mar\u00edtim. Amb Bartolom\u00e9 Garc\u00eda-Plata a la direcci\u00f3\" width=\"200\" height=\"150\" \/><\/a><figcaption class=\"wp-caption-text\">La Raval&#8217;s Band al Mar\u00edtim. Amb Bartolom\u00e9 Garc\u00eda-Plata a la direcci\u00f3<\/figcaption><\/figure>\n<figure class=\"figure wp-caption alignleft\"><a href=\"http:\/\/agora.xtec.cat\/escolademusicsijpc\/wp-content\/uploads\/usu459\/2015\/05\/ravals-band-a-la-nit-dels-museus.gif\"><img loading=\"lazy\" decoding=\"async\" class=\"size-full wp-image-4092\" src=\"http:\/\/agora.xtec.cat\/escolademusicsijpc\/wp-content\/uploads\/usu459\/2015\/05\/ravals-band-a-la-nit-dels-museus.gif\" alt=\"Raval's Band a la nit dels museus\" width=\"200\" height=\"150\" \/><\/a><figcaption class=\"wp-caption-text\">Raval&#8217;s Band a la nit dels museus<\/figcaption><\/figure>\n<figure class=\"figure wp-caption alignleft\"><a href=\"http:\/\/agora.xtec.cat\/escolademusicsijpc\/wp-content\/uploads\/usu459\/2015\/05\/musicals-choir-amb-cristina-colomer-dirigint-i-damic3a0-riera-al-piano.gif\"><img loading=\"lazy\" decoding=\"async\" class=\"size-full wp-image-4093\" src=\"http:\/\/agora.xtec.cat\/escolademusicsijpc\/wp-content\/uploads\/usu459\/2015\/05\/musicals-choir-amb-cristina-colomer-dirigint-i-damic3a0-riera-al-piano.gif\" alt=\"Musical's Choir amb Cristina Colomer dirigint i Dami\u00e0 Riera al piano\" width=\"200\" height=\"127\" \/><\/a><figcaption class=\"wp-caption-text\">Musical&#8217;s Choir amb Cristina Colomer dirigint i Dami\u00e0 Riera al piano<\/figcaption><\/figure>\n<p>&nbsp;<\/p>\n<p>&nbsp;<\/p>\n","protected":false},"excerpt":{"rendered":"<p>Aquest \u00e9s un recull de fotografies de les actuacions dels nostres alumnes a la nit dels Museus a les Drassanes de Barcelona.<br \/>\nMusical&#8217;s Choir<br \/>\nComen\u00e7ar l&#8217;assaig de Sons de Veu!<br \/>\n<a href=\"http:\/\/agora.xtec.cat\/escolademusicsijpc\/wp-content\/uploads\/usu459\/2015\/05\/americc3a0-a-parc3ads-gershwin.gif\"><\/a>Raval Simf\u00f2nic Americ\u00e0 a Par\u00eds! Gershwin<br \/>\n<a href=\"http:\/\/agora.xtec.cat\/escolademusicsijpc\/wp-content\/uploads\/usu459\/2015\/05\/la-ravals-band-al-marc3adtim-amb-bartolomc3a9-garcc3ada-plata-a-la-direccic3b3.gif\"><\/a>La Raval&#8217;s Band al Mar\u00edtim. Amb Bartolom\u00e9 Garc\u00eda-Plata a la direcci\u00f3<br \/>\n<a&hellip;  <a href=\"https:\/\/agora.xtec.cat\/escolademusicsijpc\/corals\/grans-actuacions-a-la-nit-dels-museus\/\" title=\"Read Grans actuacions a la nit dels Museus\">Llegeix m\u00e9s\u00bb<\/a><\/p>\n","protected":false},"author":1,"featured_media":4093,"comment_status":"open","ping_status":"open","sticky":false,"template":"","format":"standard","meta":{"_bbp_topic_count":0,"_bbp_reply_count":0,"_bbp_total_topic_count":0,"_bbp_total_reply_count":0,"_bbp_voice_count":0,"_bbp_anonymous_reply_count":0,"_bbp_topic_count_hidden":0,"_bbp_reply_count_hidden":0,"_bbp_forum_subforum_count":0,"footnotes":""},"categories":[66,74,75,104],"tags":[],"class_list":["post-4088","post","type-post","status-publish","format-standard","has-post-thumbnail","hentry","category-corals","category-raval-simfonic","category-ravals-band","category-uncategorized"],"post_mailing_queue_ids":[],"_links":{"self":[{"href":"https:\/\/agora.xtec.cat\/escolademusicsijpc\/wp-json\/wp\/v2\/posts\/4088","targetHints":{"allow":["GET"]}}],"collection":[{"href":"https:\/\/agora.xtec.cat\/escolademusicsijpc\/wp-json\/wp\/v2\/posts"}],"about":[{"href":"https:\/\/agora.xtec.cat\/escolademusicsijpc\/wp-json\/wp\/v2\/types\/post"}],"author":[{"embeddable":true,"href":"https:\/\/agora.xtec.cat\/escolademusicsijpc\/wp-json\/wp\/v2\/users\/1"}],"replies":[{"embeddable":true,"href":"https:\/\/agora.xtec.cat\/escolademusicsijpc\/wp-json\/wp\/v2\/comments?post=4088"}],"version-history":[{"count":2,"href":"https:\/\/agora.xtec.cat\/escolademusicsijpc\/wp-json\/wp\/v2\/posts\/4088\/revisions"}],"predecessor-version":[{"id":5186,"href":"https:\/\/agora.xtec.cat\/escolademusicsijpc\/wp-json\/wp\/v2\/posts\/4088\/revisions\/5186"}],"wp:featuredmedia":[{"embeddable":true,"href":"https:\/\/agora.xtec.cat\/escolademusicsijpc\/wp-json\/wp\/v2\/media\/4093"}],"wp:attachment":[{"href":"https:\/\/agora.xtec.cat\/escolademusicsijpc\/wp-json\/wp\/v2\/media?parent=4088"}],"wp:term":[{"taxonomy":"category","embeddable":true,"href":"https:\/\/agora.xtec.cat\/escolademusicsijpc\/wp-json\/wp\/v2\/categories?post=4088"},{"taxonomy":"post_tag","embeddable":true,"href":"https:\/\/agora.xtec.cat\/escolademusicsijpc\/wp-json\/wp\/v2\/tags?post=4088"}],"curies":[{"name":"wp","href":"https:\/\/api.w.org\/{rel}","templated":true}]}}