{"id":4042,"date":"2015-04-22T20:10:37","date_gmt":"2015-04-22T19:10:37","guid":{"rendered":"https:\/\/lescolademusicsijpc.wordpress.com\/?p=4042"},"modified":"2016-02-22T21:19:55","modified_gmt":"2016-02-22T20:19:55","slug":"xiii-trobada-de-corals-dinfantil-i-primaria","status":"publish","type":"post","link":"https:\/\/agora.xtec.cat\/escolademusicsijpc\/concerts\/xiii-trobada-de-corals-dinfantil-i-primaria\/","title":{"rendered":"XIII Trobada de corals d&#8217;infantil i prim\u00e0ria"},"content":{"rendered":"<figure class=\"figure wp-caption aligncenter\"><img loading=\"lazy\" decoding=\"async\" class=\"wp-image-4046 size-full\" src=\"http:\/\/agora.xtec.cat\/escolademusicsijpc\/wp-content\/uploads\/usu459\/2015\/04\/parc-de-l-aciutadella.gif\" alt=\"Parc de la Ciutadella\" width=\"200\" height=\"150\" \/><figcaption class=\"wp-caption-text\">Parc de la Ciutadella<\/figcaption><\/figure>\n<p>El passat 17 d\u2019abril, els cors de les escoles Parc de la Ciutadella, Labour\u00e9 i Mediterr\u00e0nia van participar a la trobada de corals de prim\u00e0ria de Barcelona. Aquestes corals s\u00f3n del projecte dels Cors de Ciutat Vella, del que l\u2019Escola de M\u00fasics \u00e9s la creadora, i van ser dirigides per les mestres Cristina Colomer i Yolanda Mallofr\u00e9 amb l\u2019acompanyament de Dami\u00e0 Riera al piano.<\/p>\n<figure class=\"figure wp-caption aligncenter\"><img loading=\"lazy\" decoding=\"async\" class=\"wp-image-4044 size-full\" src=\"http:\/\/agora.xtec.cat\/escolademusicsijpc\/wp-content\/uploads\/usu459\/2015\/04\/laoure.gif\" alt=\"laoure\" width=\"200\" height=\"150\" \/><figcaption class=\"wp-caption-text\">Escola Labour\u00e9<\/figcaption><\/figure>\n<figure class=\"figure wp-caption aligncenter\"><img loading=\"lazy\" decoding=\"async\" class=\"wp-image-4045 size-full\" src=\"http:\/\/agora.xtec.cat\/escolademusicsijpc\/wp-content\/uploads\/usu459\/2015\/04\/meditaerranea.gif\" alt=\"meditaerranea\" width=\"200\" height=\"113\" \/><figcaption class=\"wp-caption-text\">Escola Mediterr\u00e0nea<\/figcaption><\/figure>\n","protected":false},"excerpt":{"rendered":"<p>Parc de la Ciutadella<br \/>\nEl passat 17 d\u2019abril, els cors de les escoles Parc de la Ciutadella, Labour\u00e9 i Mediterr\u00e0nia van participar a la trobada de corals de prim\u00e0ria de Barcelona. Aquestes corals s\u00f3n del projecte dels Cors de Ciutat Vella, del que l\u2019Escola de M\u00fasics&hellip;  <a href=\"https:\/\/agora.xtec.cat\/escolademusicsijpc\/concerts\/xiii-trobada-de-corals-dinfantil-i-primaria\/\" title=\"Read XIII Trobada de corals d&#8217;infantil i prim\u00e0ria\">Llegeix m\u00e9s\u00bb<\/a><\/p>\n","protected":false},"author":1,"featured_media":4046,"comment_status":"open","ping_status":"open","sticky":false,"template":"","format":"standard","meta":{"_bbp_topic_count":0,"_bbp_reply_count":0,"_bbp_total_topic_count":0,"_bbp_total_reply_count":0,"_bbp_voice_count":0,"_bbp_anonymous_reply_count":0,"_bbp_topic_count_hidden":0,"_bbp_reply_count_hidden":0,"_bbp_forum_subforum_count":0,"footnotes":""},"categories":[63,104],"tags":[],"class_list":["post-4042","post","type-post","status-publish","format-standard","has-post-thumbnail","hentry","category-concerts","category-uncategorized"],"post_mailing_queue_ids":[],"_links":{"self":[{"href":"https:\/\/agora.xtec.cat\/escolademusicsijpc\/wp-json\/wp\/v2\/posts\/4042","targetHints":{"allow":["GET"]}}],"collection":[{"href":"https:\/\/agora.xtec.cat\/escolademusicsijpc\/wp-json\/wp\/v2\/posts"}],"about":[{"href":"https:\/\/agora.xtec.cat\/escolademusicsijpc\/wp-json\/wp\/v2\/types\/post"}],"author":[{"embeddable":true,"href":"https:\/\/agora.xtec.cat\/escolademusicsijpc\/wp-json\/wp\/v2\/users\/1"}],"replies":[{"embeddable":true,"href":"https:\/\/agora.xtec.cat\/escolademusicsijpc\/wp-json\/wp\/v2\/comments?post=4042"}],"version-history":[{"count":2,"href":"https:\/\/agora.xtec.cat\/escolademusicsijpc\/wp-json\/wp\/v2\/posts\/4042\/revisions"}],"predecessor-version":[{"id":4849,"href":"https:\/\/agora.xtec.cat\/escolademusicsijpc\/wp-json\/wp\/v2\/posts\/4042\/revisions\/4849"}],"wp:featuredmedia":[{"embeddable":true,"href":"https:\/\/agora.xtec.cat\/escolademusicsijpc\/wp-json\/wp\/v2\/media\/4046"}],"wp:attachment":[{"href":"https:\/\/agora.xtec.cat\/escolademusicsijpc\/wp-json\/wp\/v2\/media?parent=4042"}],"wp:term":[{"taxonomy":"category","embeddable":true,"href":"https:\/\/agora.xtec.cat\/escolademusicsijpc\/wp-json\/wp\/v2\/categories?post=4042"},{"taxonomy":"post_tag","embeddable":true,"href":"https:\/\/agora.xtec.cat\/escolademusicsijpc\/wp-json\/wp\/v2\/tags?post=4042"}],"curies":[{"name":"wp","href":"https:\/\/api.w.org\/{rel}","templated":true}]}}