{"id":3976,"date":"2015-03-17T17:33:46","date_gmt":"2015-03-17T16:33:46","guid":{"rendered":"https:\/\/lescolademusicsijpc.wordpress.com\/?p=3976"},"modified":"2016-02-22T21:26:37","modified_gmt":"2016-02-22T20:26:37","slug":"concert-final-de-curs-del-projecte-els-cors-de-ciutat-vella","status":"publish","type":"post","link":"https:\/\/agora.xtec.cat\/escolademusicsijpc\/corals\/concert-final-de-curs-del-projecte-els-cors-de-ciutat-vella\/","title":{"rendered":"Concert final de curs del projecte Els Cors de Ciutat Vella"},"content":{"rendered":"<p>Com ja fa uns anys, celebrarem el gran final de curs al Palau de la M\u00fasica amb els 700 nens del nostre projecte Els Cors de Ciutat Vella. Infants de Ciutat Vella i Bes\u00f2s cantaran juntament amb els alumnes de l\u2019Escola de M\u00fasics el pr\u00f2xim 7 de juny a la tarda. Us adjuntem un enlla\u00e7 on poden anar seguint les can\u00e7ons.<\/p>\n<p><a href=\"http:\/\/krislanda1.wix.com\/concertdepeli\"><img loading=\"lazy\" decoding=\"async\" class=\"aligncenter wp-image-3978 size-medium\" src=\"http:\/\/agora.xtec.cat\/escolademusicsijpc\/wp-content\/uploads\/usu459\/2015\/03\/doc.gif?w=300\" alt=\"doc\" width=\"300\" height=\"178\" \/><\/a><\/p>\n<div><a href=\"http:\/\/krislanda1.blogspot.com.es\/2015\/03\/concert-de-pellicula.html\" target=\"_blank\">http:\/\/krislanda1.blogspot.com.es\/2015\/03\/concert-de-pellicula.html<\/a><\/div>\n<div>\n<div>\n<div>\n<div>\n<div>\n<div>\n<div>\n<div>Cristina Colomer<\/div>\n<div>L&#8217;Escola de M\u00fasics<\/div>\n<\/div>\n<\/div>\n<\/div>\n<\/div>\n<\/div>\n<\/div>\n<\/div>\n","protected":false},"excerpt":{"rendered":"<p>Com ja fa uns anys, celebrarem el gran final de curs al Palau de la M\u00fasica amb els 700 nens del nostre projecte Els Cors de Ciutat Vella. Infants de Ciutat Vella i Bes\u00f2s cantaran juntament amb els alumnes de l\u2019Escola de M\u00fasics el pr\u00f2xim&hellip;  <a href=\"https:\/\/agora.xtec.cat\/escolademusicsijpc\/corals\/concert-final-de-curs-del-projecte-els-cors-de-ciutat-vella\/\" title=\"Read Concert final de curs del projecte Els Cors de Ciutat Vella\">Llegeix m\u00e9s\u00bb<\/a><\/p>\n","protected":false},"author":1,"featured_media":3978,"comment_status":"open","ping_status":"open","sticky":false,"template":"","format":"standard","meta":{"_bbp_topic_count":0,"_bbp_reply_count":0,"_bbp_total_topic_count":0,"_bbp_total_reply_count":0,"_bbp_voice_count":0,"_bbp_anonymous_reply_count":0,"_bbp_topic_count_hidden":0,"_bbp_reply_count_hidden":0,"_bbp_forum_subforum_count":0,"footnotes":""},"categories":[66,104],"tags":[],"class_list":["post-3976","post","type-post","status-publish","format-standard","has-post-thumbnail","hentry","category-corals","category-uncategorized"],"post_mailing_queue_ids":[],"_links":{"self":[{"href":"https:\/\/agora.xtec.cat\/escolademusicsijpc\/wp-json\/wp\/v2\/posts\/3976","targetHints":{"allow":["GET"]}}],"collection":[{"href":"https:\/\/agora.xtec.cat\/escolademusicsijpc\/wp-json\/wp\/v2\/posts"}],"about":[{"href":"https:\/\/agora.xtec.cat\/escolademusicsijpc\/wp-json\/wp\/v2\/types\/post"}],"author":[{"embeddable":true,"href":"https:\/\/agora.xtec.cat\/escolademusicsijpc\/wp-json\/wp\/v2\/users\/1"}],"replies":[{"embeddable":true,"href":"https:\/\/agora.xtec.cat\/escolademusicsijpc\/wp-json\/wp\/v2\/comments?post=3976"}],"version-history":[{"count":1,"href":"https:\/\/agora.xtec.cat\/escolademusicsijpc\/wp-json\/wp\/v2\/posts\/3976\/revisions"}],"predecessor-version":[{"id":5277,"href":"https:\/\/agora.xtec.cat\/escolademusicsijpc\/wp-json\/wp\/v2\/posts\/3976\/revisions\/5277"}],"wp:featuredmedia":[{"embeddable":true,"href":"https:\/\/agora.xtec.cat\/escolademusicsijpc\/wp-json\/wp\/v2\/media\/3978"}],"wp:attachment":[{"href":"https:\/\/agora.xtec.cat\/escolademusicsijpc\/wp-json\/wp\/v2\/media?parent=3976"}],"wp:term":[{"taxonomy":"category","embeddable":true,"href":"https:\/\/agora.xtec.cat\/escolademusicsijpc\/wp-json\/wp\/v2\/categories?post=3976"},{"taxonomy":"post_tag","embeddable":true,"href":"https:\/\/agora.xtec.cat\/escolademusicsijpc\/wp-json\/wp\/v2\/tags?post=3976"}],"curies":[{"name":"wp","href":"https:\/\/api.w.org\/{rel}","templated":true}]}}