{"id":3945,"date":"2015-02-23T20:06:40","date_gmt":"2015-02-23T19:06:40","guid":{"rendered":"https:\/\/lescolademusicsijpc.wordpress.com\/?p=3945"},"modified":"2016-02-22T21:40:17","modified_gmt":"2016-02-22T20:40:17","slug":"3945","status":"publish","type":"post","link":"https:\/\/agora.xtec.cat\/escolademusicsijpc\/master-classes\/3945\/","title":{"rendered":"M\u00e0ster d&#8217;afinaci\u00f3 de piano"},"content":{"rendered":"<h5><img loading=\"lazy\" decoding=\"async\" class=\"alignleft wp-image-3955 size-full\" src=\"http:\/\/agora.xtec.cat\/escolademusicsijpc\/wp-content\/uploads\/usu459\/2015\/02\/taller2015-007.gif\" alt=\"Taller2015-007\" width=\"200\" height=\"133\" \/> <img loading=\"lazy\" decoding=\"async\" class=\"alignleft wp-image-3951 size-full\" src=\"http:\/\/agora.xtec.cat\/escolademusicsijpc\/wp-content\/uploads\/usu459\/2015\/02\/taller2015-003.gif\" alt=\"Taller2015-003\" width=\"200\" height=\"133\" \/><strong>Gran classe<\/strong><\/h5>\n<p style=\"text-align: left;\">El dia 31 de Gener vam assistir a un m\u00e0ster classe sobre pianos a c\u00e0rrec de la mestra Gemma Godall. Va ensenyar d&#8217;una manera entretinguda i clara com eren, tant el vertical o de paret, com el de cua, i algunes de les diferents parts de les quals consten. De la manera en qu\u00e8 ho va plantejar, van poder anar tant nens petits com joves i adults, ja que ho feia divertit pels m\u00e9s petits per\u00f2 amb una suficient serietat pels m\u00e9s grans. Vam marxar contents d&#8217;haver apr\u00e8s moltes coses noves en aquelles dues hores (que es van fer curtes i fins i tot, insuficients) i amb una brida de regal, per recordar aquesta gran classe. Adri\u00e0 Garcia i Arnau Segura, 18 anys.<\/p>\n<h5><img loading=\"lazy\" decoding=\"async\" class=\"alignleft wp-image-3953 size-full\" src=\"http:\/\/agora.xtec.cat\/escolademusicsijpc\/wp-content\/uploads\/usu459\/2015\/02\/taller2015-005.gif\" alt=\"Taller2015-005\" width=\"200\" height=\"133\" \/> <img loading=\"lazy\" decoding=\"async\" class=\"alignleft wp-image-3954 size-full\" src=\"http:\/\/agora.xtec.cat\/escolademusicsijpc\/wp-content\/uploads\/usu459\/2015\/02\/taller2015-006.gif\" alt=\"Taller2015-006\" width=\"200\" height=\"133\" \/><strong>Pianos desmuntats<\/strong><\/h5>\n<p>El taller em va agradar molt, va ser interessant i divertit, i vaig descobrir coses i parts del piano en qu\u00e8 mai m\u2019hi hauria fixat (sobretot perqu\u00e8 no puc veure un piano desmuntat cada dia). Ens van explicar un munt de coses, i encara en falten moltes per aprendre i descobrir. A m\u00e9s, ens ho va explicar d\u2019una manera f\u00e0cil d\u2019entendre i divertida. Hi havia dos pianos desmuntats i moltes peces i maquetes, que pod\u00edem tocar i remenar. En conclusi\u00f3: va ser un taller que val la pena d\u2019anar-hi. Aina <span class=\"hiddenSpellError\">Sanfeliu<\/span>, 12 anys.<\/p>\n<h5><strong><img loading=\"lazy\" decoding=\"async\" class=\"alignleft wp-image-3950 size-full\" src=\"http:\/\/agora.xtec.cat\/escolademusicsijpc\/wp-content\/uploads\/usu459\/2015\/02\/taller2015-002.gif\" alt=\"Taller2015-002\" width=\"200\" height=\"150\" \/> <img loading=\"lazy\" decoding=\"async\" class=\"alignleft wp-image-3949 size-full\" src=\"http:\/\/agora.xtec.cat\/escolademusicsijpc\/wp-content\/uploads\/usu459\/2015\/02\/taller2015-001.gif\" alt=\"Taller2015-001\" width=\"200\" height=\"150\" \/>Feiem de detectius<\/strong><\/h5>\n<p>El dissabte 31 de Gener, vaig anar a una m\u00e0ster classe de piano. El que m\u00e9s em va agradar van ser unes proves molt divertides. Apren\u00edem moltes coses mentre jug\u00e0vem i f\u00e8iem de detectius. Em vaig avorrir una mica quan la gemma feia explicacions molt llargues per\u00f2 la majoria d\u2019estona m\u2019ho vaig passar genial. Em va encantar veure b\u00e9 el piano per dintre. Mai l\u2019havia vist per dintre tot complet. Em va encantar! L\u2019any que ve hi tornar\u00e9! Ona Casals, 9 anys.<\/p>\n<h5><strong><img loading=\"lazy\" decoding=\"async\" class=\"alignleft wp-image-3907 size-full\" src=\"http:\/\/agora.xtec.cat\/escolademusicsijpc\/wp-content\/uploads\/usu459\/2015\/01\/master-2015-4.gif\" alt=\"Master-2015-(4)\" width=\"200\" height=\"133\" \/> <img loading=\"lazy\" decoding=\"async\" class=\"alignleft wp-image-3906 size-full\" src=\"http:\/\/agora.xtec.cat\/escolademusicsijpc\/wp-content\/uploads\/usu459\/2015\/01\/master-2015-2.gif\" alt=\"Master-2015-(2)\" width=\"200\" height=\"133\" \/>Una tarda Original<\/strong><\/h5>\n<p>El m\u00e0ster presentat per la Gemma Godall ens va semblar molt profit\u00f3s, interessant i alhora, divertit. Ens vam sentir molt c\u00f2modes i vam aprendre a respectar i valorar el nostre instrument. Finalment, volem animar a tots aquells que senten una atracci\u00f3 especial per la m\u00fasica que us apunteu a aquest taller, ja que enriquir\u00e0 el vostre coneixement en quant l\u2019instrument protagonista, el piano. Laia <span class=\"hiddenSpellError\">Tallet<\/span> i Carolina Delgado, 18 i 20 anys.<\/p>\n<p><img loading=\"lazy\" decoding=\"async\" class=\"alignleft wp-image-3952 size-full\" src=\"http:\/\/agora.xtec.cat\/escolademusicsijpc\/wp-content\/uploads\/usu459\/2015\/02\/taller2015-004.gif\" alt=\"Taller2015-004\" width=\"200\" height=\"133\" \/><\/p>\n","protected":false},"excerpt":{"rendered":"<p> Gran classe<br \/>\nEl dia 31 de Gener vam assistir a un m\u00e0ster classe sobre pianos a c\u00e0rrec de la mestra Gemma Godall. Va ensenyar d&#8217;una manera entretinguda i clara com eren, tant el vertical o de paret, com el de cua, i algunes de les&hellip;  <a href=\"https:\/\/agora.xtec.cat\/escolademusicsijpc\/master-classes\/3945\/\" title=\"Read M\u00e0ster d&#8217;afinaci\u00f3 de piano\">Llegeix m\u00e9s\u00bb<\/a><\/p>\n","protected":false},"author":1,"featured_media":3955,"comment_status":"open","ping_status":"open","sticky":false,"template":"","format":"standard","meta":{"_bbp_topic_count":0,"_bbp_reply_count":0,"_bbp_total_topic_count":0,"_bbp_total_reply_count":0,"_bbp_voice_count":0,"_bbp_anonymous_reply_count":0,"_bbp_topic_count_hidden":0,"_bbp_reply_count_hidden":0,"_bbp_forum_subforum_count":0,"footnotes":""},"categories":[69,104],"tags":[],"class_list":["post-3945","post","type-post","status-publish","format-standard","has-post-thumbnail","hentry","category-master-classes","category-uncategorized"],"post_mailing_queue_ids":[],"_links":{"self":[{"href":"https:\/\/agora.xtec.cat\/escolademusicsijpc\/wp-json\/wp\/v2\/posts\/3945","targetHints":{"allow":["GET"]}}],"collection":[{"href":"https:\/\/agora.xtec.cat\/escolademusicsijpc\/wp-json\/wp\/v2\/posts"}],"about":[{"href":"https:\/\/agora.xtec.cat\/escolademusicsijpc\/wp-json\/wp\/v2\/types\/post"}],"author":[{"embeddable":true,"href":"https:\/\/agora.xtec.cat\/escolademusicsijpc\/wp-json\/wp\/v2\/users\/1"}],"replies":[{"embeddable":true,"href":"https:\/\/agora.xtec.cat\/escolademusicsijpc\/wp-json\/wp\/v2\/comments?post=3945"}],"version-history":[{"count":2,"href":"https:\/\/agora.xtec.cat\/escolademusicsijpc\/wp-json\/wp\/v2\/posts\/3945\/revisions"}],"predecessor-version":[{"id":5346,"href":"https:\/\/agora.xtec.cat\/escolademusicsijpc\/wp-json\/wp\/v2\/posts\/3945\/revisions\/5346"}],"wp:featuredmedia":[{"embeddable":true,"href":"https:\/\/agora.xtec.cat\/escolademusicsijpc\/wp-json\/wp\/v2\/media\/3955"}],"wp:attachment":[{"href":"https:\/\/agora.xtec.cat\/escolademusicsijpc\/wp-json\/wp\/v2\/media?parent=3945"}],"wp:term":[{"taxonomy":"category","embeddable":true,"href":"https:\/\/agora.xtec.cat\/escolademusicsijpc\/wp-json\/wp\/v2\/categories?post=3945"},{"taxonomy":"post_tag","embeddable":true,"href":"https:\/\/agora.xtec.cat\/escolademusicsijpc\/wp-json\/wp\/v2\/tags?post=3945"}],"curies":[{"name":"wp","href":"https:\/\/api.w.org\/{rel}","templated":true}]}}