{"id":3938,"date":"2015-02-18T20:59:09","date_gmt":"2015-02-18T19:59:09","guid":{"rendered":"https:\/\/lescolademusicsijpc.wordpress.com\/?p=3938"},"modified":"2016-02-22T21:41:35","modified_gmt":"2016-02-22T20:41:35","slug":"musicals-choir","status":"publish","type":"post","link":"https:\/\/agora.xtec.cat\/escolademusicsijpc\/corals\/musicals-choir\/","title":{"rendered":"Musical&#8217;s Choir"},"content":{"rendered":"<p><a href=\"http:\/\/krislanda1.wix.com\/musicals-choir\"><img loading=\"lazy\" decoding=\"async\" class=\"aligncenter wp-image-3941 size-full\" src=\"http:\/\/agora.xtec.cat\/escolademusicsijpc\/wp-content\/uploads\/usu459\/2015\/02\/musicaljoves.gif\" alt=\"musicaljoves\" width=\"400\" height=\"241\" \/><\/a><\/p>\n<div>\n<p>Avui ha comen\u00e7at un nou projecte de l\u2019Escola de M\u00fasics: Musicals<span class=\"hiddenGrammarError\">\u2019<\/span> <span class=\"hiddenSpellError\">Choir<\/span>. <span class=\"hiddenGrammarError\">Aquesta nova<\/span> coral formada per nois i noies d&#8217;11 a 18 anys treballaran en versi\u00f3 original i en forma coral els temes m\u00e9s coneguts de diversos Musicals. La coral \u00e9s divendres i est\u00e0 dirigida per Cristina Colomer, amb la col\u00b7laboraci\u00f3 de Dami\u00e0 Riera i <span class=\"hiddenSpellError\">Yolanda<\/span> <span class=\"hiddenSpellError\">Mallofr\u00e9<\/span>. Esperem que dins aquest projecte nou tamb\u00e9 puguem col\u00b7laborar amb els <span class=\"hiddenSpellError\">combos<\/span> de l\u2019Escola per treballar de forma m\u00e9s \u00e0mplia aquest g\u00e8nere que est\u00e0 en al\u00e7a.<\/p>\n<p>Amb aquest <span class=\"hiddenSpellError\">wix<\/span> podrem anar treballant a casa els temes que farem a les classes\u2026 Aix\u00ed doncs que\u20263,2,1<span class=\"hiddenGrammarError\">\u2026Comencem<\/span>!<\/p>\n<p>Cristina Colomer<br \/>\nL&#8217;Escola de M\u00fasics i Escola de M\u00fasica JPC.<\/p>\n<\/div>\n","protected":false},"excerpt":{"rendered":"<p><a href=\"http:\/\/krislanda1.wix.com\/musicals-choir\"><\/a><\/p>\n<p>Avui ha comen\u00e7at un nou projecte de l\u2019Escola de M\u00fasics: Musicals\u2019 Choir. Aquesta nova coral formada per nois i noies d&#8217;11 a 18 anys treballaran en versi\u00f3 original i en forma coral els temes m\u00e9s coneguts de diversos Musicals. La coral \u00e9s divendres i&hellip;  <a href=\"https:\/\/agora.xtec.cat\/escolademusicsijpc\/corals\/musicals-choir\/\" title=\"Read Musical&#8217;s Choir\">Llegeix m\u00e9s\u00bb<\/a><\/p>\n","protected":false},"author":1,"featured_media":3941,"comment_status":"open","ping_status":"open","sticky":false,"template":"","format":"standard","meta":{"_bbp_topic_count":0,"_bbp_reply_count":0,"_bbp_total_topic_count":0,"_bbp_total_reply_count":0,"_bbp_voice_count":0,"_bbp_anonymous_reply_count":0,"_bbp_topic_count_hidden":0,"_bbp_reply_count_hidden":0,"_bbp_forum_subforum_count":0,"footnotes":""},"categories":[66,104],"tags":[],"class_list":["post-3938","post","type-post","status-publish","format-standard","has-post-thumbnail","hentry","category-corals","category-uncategorized"],"post_mailing_queue_ids":[],"_links":{"self":[{"href":"https:\/\/agora.xtec.cat\/escolademusicsijpc\/wp-json\/wp\/v2\/posts\/3938","targetHints":{"allow":["GET"]}}],"collection":[{"href":"https:\/\/agora.xtec.cat\/escolademusicsijpc\/wp-json\/wp\/v2\/posts"}],"about":[{"href":"https:\/\/agora.xtec.cat\/escolademusicsijpc\/wp-json\/wp\/v2\/types\/post"}],"author":[{"embeddable":true,"href":"https:\/\/agora.xtec.cat\/escolademusicsijpc\/wp-json\/wp\/v2\/users\/1"}],"replies":[{"embeddable":true,"href":"https:\/\/agora.xtec.cat\/escolademusicsijpc\/wp-json\/wp\/v2\/comments?post=3938"}],"version-history":[{"count":2,"href":"https:\/\/agora.xtec.cat\/escolademusicsijpc\/wp-json\/wp\/v2\/posts\/3938\/revisions"}],"predecessor-version":[{"id":5282,"href":"https:\/\/agora.xtec.cat\/escolademusicsijpc\/wp-json\/wp\/v2\/posts\/3938\/revisions\/5282"}],"wp:featuredmedia":[{"embeddable":true,"href":"https:\/\/agora.xtec.cat\/escolademusicsijpc\/wp-json\/wp\/v2\/media\/3941"}],"wp:attachment":[{"href":"https:\/\/agora.xtec.cat\/escolademusicsijpc\/wp-json\/wp\/v2\/media?parent=3938"}],"wp:term":[{"taxonomy":"category","embeddable":true,"href":"https:\/\/agora.xtec.cat\/escolademusicsijpc\/wp-json\/wp\/v2\/categories?post=3938"},{"taxonomy":"post_tag","embeddable":true,"href":"https:\/\/agora.xtec.cat\/escolademusicsijpc\/wp-json\/wp\/v2\/tags?post=3938"}],"curies":[{"name":"wp","href":"https:\/\/api.w.org\/{rel}","templated":true}]}}