{"id":3901,"date":"2015-01-22T18:34:06","date_gmt":"2015-01-22T17:34:06","guid":{"rendered":"https:\/\/lescolademusicsijpc.wordpress.com\/?p=3901"},"modified":"2016-02-22T21:43:46","modified_gmt":"2016-02-22T20:43:46","slug":"master-dafinacio-de-piano","status":"publish","type":"post","link":"https:\/\/agora.xtec.cat\/escolademusicsijpc\/master-classes\/master-dafinacio-de-piano\/","title":{"rendered":"M\u00e0ster d&#8217;afinaci\u00f3 de piano"},"content":{"rendered":"<p><img loading=\"lazy\" decoding=\"async\" class=\"alignright wp-image-3903 size-full\" src=\"http:\/\/agora.xtec.cat\/escolademusicsijpc\/wp-content\/uploads\/usu459\/2015\/01\/gemma.gif\" alt=\"gemma\" width=\"141\" height=\"200\" \/>\u201cDescobreix com \u00e9s un piano per dins i com funciona; un taller per aprendre les nocions b\u00e0siques pel seu bon funcionament.\u201d<\/p>\n<ul>\n<li>Dissabte 31 de Gener 2015 16-18 h<\/li>\n<li>Inscripci\u00f3 gratu\u00efta a secretaria. (abans del 30 de Gener)<\/li>\n<li>Places limitades. (20)<\/li>\n<li>Totes les edats.<\/li>\n<\/ul>\n<p>De nou tindrem una nova oportunitat per veure les parts m\u00e9s secretes dels pianos de paret i de cua a trav\u00e9s d\u2019un taller interactiu i participatiu.<\/p>\n<p>Aquest any ho combinarem amb exploracions directes, jugarem al \u201c\u2026i aix\u00f2 qu\u00e8 \u00e9s i on va\u2026?\u201d, i detectarem quins problemes poden sorgir i com els podem resoldre (manteniments, afinacions, regulacions, reparacions\u2026).<\/p>\n<p>A partir d\u2019explicacions senzilles anirem coneixent les diverses peces que hi ha dins l\u2019instrument; veurem com interactuen entre elles fent un recorregut pel seu mecanisme d\u2019acci\u00f3 (teclat, martells, apagadors, cordes, pedals\u2026). Aprofiteu l\u2019ocasi\u00f3 doncs no sempre es t\u00e9 l\u2019oportunitat d\u2019assistir a una \u201coperaci\u00f3\u201d de piano.<br \/>\n<img loading=\"lazy\" decoding=\"async\" class=\" wp-image-3907 size-full alignnone\" src=\"http:\/\/agora.xtec.cat\/escolademusicsijpc\/wp-content\/uploads\/usu459\/2015\/01\/master-2015-4.gif\" alt=\"Master-2015-(4)\" width=\"200\" height=\"133\" \/><img loading=\"lazy\" decoding=\"async\" class=\" wp-image-3906 size-full alignnone\" src=\"http:\/\/agora.xtec.cat\/escolademusicsijpc\/wp-content\/uploads\/usu459\/2015\/01\/master-2015-2.gif\" alt=\"Master-2015-(2)\" width=\"200\" height=\"133\" \/><br \/>\nPer cert, si no ets pianista, no tens excusa per no venir, ja que el taller \u00e9s obert a tots els alumnes, pares i mestres de l\u2019escola. I si repeteixes experi\u00e8ncia, no us amo\u00efneu, ser\u00e0 ben diferent de les anteriors edicions.<\/p>\n<p>Gemma Godall<\/p>\n","protected":false},"excerpt":{"rendered":"<p>\u201cDescobreix com \u00e9s un piano per dins i com funciona; un taller per aprendre les nocions b\u00e0siques pel seu bon funcionament.\u201d<\/p>\n<ul>\n<li>Dissabte 31 de Gener 2015 16-18 h<\/li>\n<li>Inscripci\u00f3 gratu\u00efta a secretaria. (abans del 30 de Gener)<\/li>\n<li>Places limitades. (20)<\/li>\n<li>Totes les edats.<\/li>\n<\/ul>\n<p>De nou tindrem una nova oportunitat per&hellip;  <a href=\"https:\/\/agora.xtec.cat\/escolademusicsijpc\/master-classes\/master-dafinacio-de-piano\/\" title=\"Read M\u00e0ster d&#8217;afinaci\u00f3 de piano\">Llegeix m\u00e9s\u00bb<\/a><\/p>\n","protected":false},"author":1,"featured_media":3903,"comment_status":"open","ping_status":"open","sticky":false,"template":"","format":"standard","meta":{"_bbp_topic_count":0,"_bbp_reply_count":0,"_bbp_total_topic_count":0,"_bbp_total_reply_count":0,"_bbp_voice_count":0,"_bbp_anonymous_reply_count":0,"_bbp_topic_count_hidden":0,"_bbp_reply_count_hidden":0,"_bbp_forum_subforum_count":0,"footnotes":""},"categories":[69,104],"tags":[],"class_list":["post-3901","post","type-post","status-publish","format-standard","has-post-thumbnail","hentry","category-master-classes","category-uncategorized"],"post_mailing_queue_ids":[],"_links":{"self":[{"href":"https:\/\/agora.xtec.cat\/escolademusicsijpc\/wp-json\/wp\/v2\/posts\/3901","targetHints":{"allow":["GET"]}}],"collection":[{"href":"https:\/\/agora.xtec.cat\/escolademusicsijpc\/wp-json\/wp\/v2\/posts"}],"about":[{"href":"https:\/\/agora.xtec.cat\/escolademusicsijpc\/wp-json\/wp\/v2\/types\/post"}],"author":[{"embeddable":true,"href":"https:\/\/agora.xtec.cat\/escolademusicsijpc\/wp-json\/wp\/v2\/users\/1"}],"replies":[{"embeddable":true,"href":"https:\/\/agora.xtec.cat\/escolademusicsijpc\/wp-json\/wp\/v2\/comments?post=3901"}],"version-history":[{"count":2,"href":"https:\/\/agora.xtec.cat\/escolademusicsijpc\/wp-json\/wp\/v2\/posts\/3901\/revisions"}],"predecessor-version":[{"id":5348,"href":"https:\/\/agora.xtec.cat\/escolademusicsijpc\/wp-json\/wp\/v2\/posts\/3901\/revisions\/5348"}],"wp:featuredmedia":[{"embeddable":true,"href":"https:\/\/agora.xtec.cat\/escolademusicsijpc\/wp-json\/wp\/v2\/media\/3903"}],"wp:attachment":[{"href":"https:\/\/agora.xtec.cat\/escolademusicsijpc\/wp-json\/wp\/v2\/media?parent=3901"}],"wp:term":[{"taxonomy":"category","embeddable":true,"href":"https:\/\/agora.xtec.cat\/escolademusicsijpc\/wp-json\/wp\/v2\/categories?post=3901"},{"taxonomy":"post_tag","embeddable":true,"href":"https:\/\/agora.xtec.cat\/escolademusicsijpc\/wp-json\/wp\/v2\/tags?post=3901"}],"curies":[{"name":"wp","href":"https:\/\/api.w.org\/{rel}","templated":true}]}}