{"id":3886,"date":"2015-01-20T18:27:51","date_gmt":"2015-01-20T17:27:51","guid":{"rendered":"https:\/\/lescolademusicsijpc.wordpress.com\/?p=3886"},"modified":"2016-02-22T21:45:20","modified_gmt":"2016-02-22T20:45:20","slug":"tecnic-afinador","status":"publish","type":"post","link":"https:\/\/agora.xtec.cat\/escolademusicsijpc\/master-classes\/tecnic-afinador\/","title":{"rendered":"T\u00e8cnic Afinador"},"content":{"rendered":"<p><img loading=\"lazy\" decoding=\"async\" class=\"alignright size-thumbnail wp-image-3888\" src=\"http:\/\/agora.xtec.cat\/escolademusicsijpc\/wp-content\/uploads\/usu459\/2015\/01\/img_2414.gif?w=112\" alt=\"IMG_2414\" width=\"112\" height=\"150\" \/>Article del\u00a0M\u00e0ster d&#8217;afinaci\u00f3 de piano realitzat el curs 2013-14:<\/p>\n<p>Did\u00e0ctic, pr\u00e0ctic, interessant i entretingut. A m\u00e9s a m\u00e9s, despr\u00e9s de fer el taller, \u00e9s dif\u00edcil tornar a veure un piano amb els mateixos ulls amb qu\u00e8 ho f\u00e8iem abans.<br \/>\nSi no la tenies, prens consci\u00e8ncia que no se\u2019l pot tractar de qualsevol manera. All\u00f2 que en algun moment va tenir vida, encomana al piano propietats que cal tenir en compte per la seva conservaci\u00f3: sol, humitat, difer\u00e8ncies de temperatura, corrents d\u2019aire, poden afectar l\u2019estat del nostre instrument. Atenci\u00f3 amb la seva ubicaci\u00f3!<br \/>\nSi penses que el teu piano \u00e9s \u00fanic nom\u00e9s perqu\u00e8 \u00e9s el teu, aprens que cada piano t\u00e9 una \u201cmatr\u00edcula\u201d que d\u00f3na m\u00e9s informaci\u00f3 sobre la seva hist\u00f2ria. I, aprofitant l\u2019ocasi\u00f3, tamb\u00e9 descobreixes sobre la hist\u00f2ria dels pianos i sobre la quantitat de fabricants que havia arribat a haver-hi a Catalunya.<br \/>\nSi el piano \u00e9s per <span class=\"hiddenSpellError\">t\u00fa<\/span> una caixa misteriosa, veus per dins tots els seus secrets i entens perqu\u00e8 no s\u00f3n iguals entre ells.<br \/>\nEn resum, veure, tocar mecanismes, omplir fitxes, fer preguntes&#8230;, va ser un exercici d\u2019aprenentatge molt am\u00e8 i efica\u00e7. La prova del \u201c<span class=\"hiddenSpellError\">algod\u00f3n<\/span>\u201d, la meva filla de 5 anys va mantenir l\u2019atenci\u00f3 durant tota la sessi\u00f3 i aix\u00f2 que van ser 2 hores i mitja!<br \/>\nGr\u00e0cies Gemma.<\/p>\n<p>Fam\u00edlia Hernando-Serret (Joana i Mariona)<\/p>\n","protected":false},"excerpt":{"rendered":"<p>Article del\u00a0M\u00e0ster d&#8217;afinaci\u00f3 de piano realitzat el curs 2013-14:<br \/>\nDid\u00e0ctic, pr\u00e0ctic, interessant i entretingut. A m\u00e9s a m\u00e9s, despr\u00e9s de fer el taller, \u00e9s dif\u00edcil tornar a veure un piano amb els mateixos ulls amb qu\u00e8 ho f\u00e8iem abans.<br \/>\nSi no la tenies, prens consci\u00e8ncia que no&hellip;  <a href=\"https:\/\/agora.xtec.cat\/escolademusicsijpc\/master-classes\/tecnic-afinador\/\" title=\"Read T\u00e8cnic Afinador\">Llegeix m\u00e9s\u00bb<\/a><\/p>\n","protected":false},"author":1,"featured_media":3888,"comment_status":"open","ping_status":"open","sticky":false,"template":"","format":"standard","meta":{"_bbp_topic_count":0,"_bbp_reply_count":0,"_bbp_total_topic_count":0,"_bbp_total_reply_count":0,"_bbp_voice_count":0,"_bbp_anonymous_reply_count":0,"_bbp_topic_count_hidden":0,"_bbp_reply_count_hidden":0,"_bbp_forum_subforum_count":0,"footnotes":""},"categories":[69,104],"tags":[],"class_list":["post-3886","post","type-post","status-publish","format-standard","has-post-thumbnail","hentry","category-master-classes","category-uncategorized"],"post_mailing_queue_ids":[],"_links":{"self":[{"href":"https:\/\/agora.xtec.cat\/escolademusicsijpc\/wp-json\/wp\/v2\/posts\/3886","targetHints":{"allow":["GET"]}}],"collection":[{"href":"https:\/\/agora.xtec.cat\/escolademusicsijpc\/wp-json\/wp\/v2\/posts"}],"about":[{"href":"https:\/\/agora.xtec.cat\/escolademusicsijpc\/wp-json\/wp\/v2\/types\/post"}],"author":[{"embeddable":true,"href":"https:\/\/agora.xtec.cat\/escolademusicsijpc\/wp-json\/wp\/v2\/users\/1"}],"replies":[{"embeddable":true,"href":"https:\/\/agora.xtec.cat\/escolademusicsijpc\/wp-json\/wp\/v2\/comments?post=3886"}],"version-history":[{"count":1,"href":"https:\/\/agora.xtec.cat\/escolademusicsijpc\/wp-json\/wp\/v2\/posts\/3886\/revisions"}],"predecessor-version":[{"id":5349,"href":"https:\/\/agora.xtec.cat\/escolademusicsijpc\/wp-json\/wp\/v2\/posts\/3886\/revisions\/5349"}],"wp:featuredmedia":[{"embeddable":true,"href":"https:\/\/agora.xtec.cat\/escolademusicsijpc\/wp-json\/wp\/v2\/media\/3888"}],"wp:attachment":[{"href":"https:\/\/agora.xtec.cat\/escolademusicsijpc\/wp-json\/wp\/v2\/media?parent=3886"}],"wp:term":[{"taxonomy":"category","embeddable":true,"href":"https:\/\/agora.xtec.cat\/escolademusicsijpc\/wp-json\/wp\/v2\/categories?post=3886"},{"taxonomy":"post_tag","embeddable":true,"href":"https:\/\/agora.xtec.cat\/escolademusicsijpc\/wp-json\/wp\/v2\/tags?post=3886"}],"curies":[{"name":"wp","href":"https:\/\/api.w.org\/{rel}","templated":true}]}}