{"id":3872,"date":"2015-01-16T17:25:22","date_gmt":"2015-01-16T16:25:22","guid":{"rendered":"https:\/\/lescolademusicsijpc.wordpress.com\/?p=3872"},"modified":"2016-02-24T21:06:29","modified_gmt":"2016-02-24T20:06:29","slug":"festes-de-sant-antoni","status":"publish","type":"post","link":"https:\/\/agora.xtec.cat\/escolademusicsijpc\/grups\/combos\/festes-de-sant-antoni\/","title":{"rendered":"Festes de Sant Antoni."},"content":{"rendered":"<p><span style=\"font-size: large;\"><span lang=\"CA\"><img loading=\"lazy\" decoding=\"async\" class=\"alignright  wp-image-3873\" src=\"http:\/\/agora.xtec.cat\/escolademusicsijpc\/wp-content\/uploads\/usu459\/2015\/01\/triptic-2015_2_triptic-ok-1.gif?w=62\" alt=\"Triptic-2015_2_Triptic-OK-1\" width=\"116\" height=\"281\" \/>Festes de Sant Antoni. L&#8217;Escola participa i posar\u00e0 m\u00fasica a les festes!<\/span><\/span><\/p>\n<div>Dissabte 17 de gener al migdia:<\/div>\n<div>\n<ul>\n<li>II Trobada de corals infantils<\/li>\n<li>a les 11:30 h<\/li>\n<li>a l&#8217;Auditori de l\u2019ONCE. Gran Via de les Corts Catalanes n\u00ba400<\/li>\n<li>els familiars d&#8217;alumnes que cantin poden demanar invitaci\u00f3 a les escoles i recollir a l&#8217;Auditori<\/li>\n<li>activitat gratu\u00efta.<\/li>\n<\/ul>\n<\/div>\n<div>\n<div>Dissabte 17 al vespre:<\/div>\n<ul>\n<li>Jazz Combos de l\u2019Escola de M\u00fasics i JPC<\/li>\n<li>a les 21 h<\/li>\n<li>Espai Esc\u00e8nic T\u00edsner, Centre C\u00edvic Cotxeres Borrell, Viladomat, 2-8<\/li>\n<li>activitat gratu\u00efta. Aforament limitat.<\/li>\n<\/ul>\n<div><a href=\"http:\/\/agora.xtec.cat\/escolademusicsijpc\/wp-content\/uploads\/usu459\/2015\/01\/triptic-2015_2_triptic-ok.pdf\">Tr\u00edptic de totes les activitats de les Festes de Sant Antoni<\/a><\/div>\n<\/div>\n","protected":false},"excerpt":{"rendered":"<p>Festes de Sant Antoni. L&#8217;Escola participa i posar\u00e0 m\u00fasica a les festes!<br \/>\nDissabte 17 de gener al migdia:<\/p>\n<ul>\n<li>II Trobada de corals infantils<\/li>\n<li>a les 11:30 h<\/li>\n<li>a l&#8217;Auditori de l\u2019ONCE. Gran Via de les Corts Catalanes n\u00ba400<\/li>\n<li>els familiars d&#8217;alumnes que cantin poden demanar invitaci\u00f3 a les escoles i&hellip;  <a href=\"https:\/\/agora.xtec.cat\/escolademusicsijpc\/grups\/combos\/festes-de-sant-antoni\/\" title=\"Read Festes de Sant Antoni.\">Llegeix m\u00e9s\u00bb<\/a><br \/>\n","protected":false},"author":1,"featured_media":3873,"comment_status":"open","ping_status":"open","sticky":false,"template":"","format":"standard","meta":{"_bbp_topic_count":0,"_bbp_reply_count":0,"_bbp_total_topic_count":0,"_bbp_total_reply_count":0,"_bbp_voice_count":0,"_bbp_anonymous_reply_count":0,"_bbp_topic_count_hidden":0,"_bbp_reply_count_hidden":0,"_bbp_forum_subforum_count":0,"footnotes":""},"categories":[62,66,104],"tags":[],"class_list":["post-3872","post","type-post","status-publish","format-standard","has-post-thumbnail","hentry","category-combos","category-corals","category-uncategorized"],"post_mailing_queue_ids":[],"_links":{"self":[{"href":"https:\/\/agora.xtec.cat\/escolademusicsijpc\/wp-json\/wp\/v2\/posts\/3872","targetHints":{"allow":["GET"]}}],"collection":[{"href":"https:\/\/agora.xtec.cat\/escolademusicsijpc\/wp-json\/wp\/v2\/posts"}],"about":[{"href":"https:\/\/agora.xtec.cat\/escolademusicsijpc\/wp-json\/wp\/v2\/types\/post"}],"author":[{"embeddable":true,"href":"https:\/\/agora.xtec.cat\/escolademusicsijpc\/wp-json\/wp\/v2\/users\/1"}],"replies":[{"embeddable":true,"href":"https:\/\/agora.xtec.cat\/escolademusicsijpc\/wp-json\/wp\/v2\/comments?post=3872"}],"version-history":[{"count":1,"href":"https:\/\/agora.xtec.cat\/escolademusicsijpc\/wp-json\/wp\/v2\/posts\/3872\/revisions"}],"predecessor-version":[{"id":4805,"href":"https:\/\/agora.xtec.cat\/escolademusicsijpc\/wp-json\/wp\/v2\/posts\/3872\/revisions\/4805"}],"wp:featuredmedia":[{"embeddable":true,"href":"https:\/\/agora.xtec.cat\/escolademusicsijpc\/wp-json\/wp\/v2\/media\/3873"}],"wp:attachment":[{"href":"https:\/\/agora.xtec.cat\/escolademusicsijpc\/wp-json\/wp\/v2\/media?parent=3872"}],"wp:term":[{"taxonomy":"category","embeddable":true,"href":"https:\/\/agora.xtec.cat\/escolademusicsijpc\/wp-json\/wp\/v2\/categories?post=3872"},{"taxonomy":"post_tag","embeddable":true,"href":"https:\/\/agora.xtec.cat\/escolademusicsijpc\/wp-json\/wp\/v2\/tags?post=3872"}],"curies":[{"name":"wp","href":"https:\/\/api.w.org\/{rel}","templated":true}]}}