{"id":3826,"date":"2014-12-19T17:23:01","date_gmt":"2014-12-19T16:23:01","guid":{"rendered":"http:\/\/lescolademusicsijpc.wordpress.com\/?p=3826"},"modified":"2016-02-25T17:28:16","modified_gmt":"2016-02-25T16:28:16","slug":"un-nou-projecte-al-pau-claris-i-al-pere-vila","status":"publish","type":"post","link":"https:\/\/agora.xtec.cat\/escolademusicsijpc\/corals\/un-nou-projecte-al-pau-claris-i-al-pere-vila\/","title":{"rendered":"Un nou projecte al Pau Claris i al Pere Vila"},"content":{"rendered":"<p>L\u2019Escola de M\u00fasics juntament amb l\u2019institut Pau Claris i l\u2019escola Pere Vila han encetat aquest any un projecte nou per potenciar la m\u00fasica a les aules.<\/p>\n<p>La finalitat principal \u00e9s que l\u2019alumne sigui capa\u00e7 de participar activament en la creaci\u00f3 de produccions musicals grupals i d\u2019expressar continguts transversals i interdisciplinaris de manera art\u00edstica amb sensibilitat, creativitat i satisfacci\u00f3 personal.<\/p>\n<p>Els alumnes d&#8217;ESO de l\u2019institut Pau Claris i la professora de l\u2019Escola de M\u00fasics Cristina Colomer estan preparant amb molta intensitat el festival de Nadal com una experi\u00e8ncia nova, on podran interpretar can\u00e7ons de cant coral i algun fragment de diversos musicals.<\/p>\n<p><img loading=\"lazy\" decoding=\"async\" class=\"alignnone wp-image-3829 size-full\" src=\"http:\/\/agora.xtec.cat\/escolademusicsijpc\/wp-content\/uploads\/usu459\/2014\/12\/img_0517.gif\" alt=\"IMG_0517\" width=\"200\" height=\"133\" \/><img loading=\"lazy\" decoding=\"async\" class=\"alignnone size-full wp-image-3830\" src=\"http:\/\/agora.xtec.cat\/escolademusicsijpc\/wp-content\/uploads\/usu459\/2014\/12\/img_0492.gif\" alt=\"IMG_0492\" width=\"200\" height=\"132\" \/> <img loading=\"lazy\" decoding=\"async\" class=\"alignnone size-full wp-image-3831\" src=\"http:\/\/agora.xtec.cat\/escolademusicsijpc\/wp-content\/uploads\/usu459\/2014\/12\/img_0833.gif\" alt=\"IMG_0833\" width=\"200\" height=\"133\" \/><\/p>\n","protected":false},"excerpt":{"rendered":"<p>L\u2019Escola de M\u00fasics juntament amb l\u2019institut Pau Claris i l\u2019escola Pere Vila han encetat aquest any un projecte nou per potenciar la m\u00fasica a les aules.<br \/>\nLa finalitat principal \u00e9s que l\u2019alumne sigui capa\u00e7 de participar activament en la creaci\u00f3 de produccions musicals grupals i d\u2019expressar&hellip;  <a href=\"https:\/\/agora.xtec.cat\/escolademusicsijpc\/corals\/un-nou-projecte-al-pau-claris-i-al-pere-vila\/\" title=\"Read Un nou projecte al Pau Claris i al Pere Vila\">Llegeix m\u00e9s\u00bb<\/a><\/p>\n","protected":false},"author":1,"featured_media":3829,"comment_status":"open","ping_status":"open","sticky":false,"template":"","format":"standard","meta":{"_bbp_topic_count":0,"_bbp_reply_count":0,"_bbp_total_topic_count":0,"_bbp_total_reply_count":0,"_bbp_voice_count":0,"_bbp_anonymous_reply_count":0,"_bbp_topic_count_hidden":0,"_bbp_reply_count_hidden":0,"_bbp_forum_subforum_count":0,"footnotes":""},"categories":[66,104],"tags":[],"class_list":["post-3826","post","type-post","status-publish","format-standard","has-post-thumbnail","hentry","category-corals","category-uncategorized"],"post_mailing_queue_ids":[],"_links":{"self":[{"href":"https:\/\/agora.xtec.cat\/escolademusicsijpc\/wp-json\/wp\/v2\/posts\/3826","targetHints":{"allow":["GET"]}}],"collection":[{"href":"https:\/\/agora.xtec.cat\/escolademusicsijpc\/wp-json\/wp\/v2\/posts"}],"about":[{"href":"https:\/\/agora.xtec.cat\/escolademusicsijpc\/wp-json\/wp\/v2\/types\/post"}],"author":[{"embeddable":true,"href":"https:\/\/agora.xtec.cat\/escolademusicsijpc\/wp-json\/wp\/v2\/users\/1"}],"replies":[{"embeddable":true,"href":"https:\/\/agora.xtec.cat\/escolademusicsijpc\/wp-json\/wp\/v2\/comments?post=3826"}],"version-history":[{"count":1,"href":"https:\/\/agora.xtec.cat\/escolademusicsijpc\/wp-json\/wp\/v2\/posts\/3826\/revisions"}],"predecessor-version":[{"id":5283,"href":"https:\/\/agora.xtec.cat\/escolademusicsijpc\/wp-json\/wp\/v2\/posts\/3826\/revisions\/5283"}],"wp:featuredmedia":[{"embeddable":true,"href":"https:\/\/agora.xtec.cat\/escolademusicsijpc\/wp-json\/wp\/v2\/media\/3829"}],"wp:attachment":[{"href":"https:\/\/agora.xtec.cat\/escolademusicsijpc\/wp-json\/wp\/v2\/media?parent=3826"}],"wp:term":[{"taxonomy":"category","embeddable":true,"href":"https:\/\/agora.xtec.cat\/escolademusicsijpc\/wp-json\/wp\/v2\/categories?post=3826"},{"taxonomy":"post_tag","embeddable":true,"href":"https:\/\/agora.xtec.cat\/escolademusicsijpc\/wp-json\/wp\/v2\/tags?post=3826"}],"curies":[{"name":"wp","href":"https:\/\/api.w.org\/{rel}","templated":true}]}}