{"id":3821,"date":"2014-12-18T19:54:11","date_gmt":"2014-12-18T18:54:11","guid":{"rendered":"http:\/\/lescolademusicsijpc.wordpress.com\/?p=3821"},"modified":"2016-02-25T17:30:16","modified_gmt":"2016-02-25T16:30:16","slug":"festival-de-nadal","status":"publish","type":"post","link":"https:\/\/agora.xtec.cat\/escolademusicsijpc\/grups\/batucada\/festival-de-nadal\/","title":{"rendered":"Festival de Nadal"},"content":{"rendered":"<p>El passat 16 de desembre \u00a0l\u2019escola Labour\u00e9 va celebrar el seu festival de Nadal. L\u2019Escola de M\u00fasics col.labora amb aquesta escola i la Fundaci\u00f3 Tot Raval des de fa tres anys dins el projecte T\u00e0ndem de la Fundaci\u00f3 Catalunya la Pedrera \u00a0per incorporar la m\u00fasica en el projecte curricular de l\u2019escola.<\/p>\n<p><img loading=\"lazy\" decoding=\"async\" class=\"alignnone size-full wp-image-3822\" src=\"http:\/\/agora.xtec.cat\/escolademusicsijpc\/wp-content\/uploads\/usu459\/2014\/12\/batucada2.jpg\" alt=\"batucada2\" width=\"200\" height=\"150\" \/> <img loading=\"lazy\" decoding=\"async\" class=\"alignnone size-full wp-image-3824\" src=\"http:\/\/agora.xtec.cat\/escolademusicsijpc\/wp-content\/uploads\/usu459\/2014\/12\/batucada.gif\" alt=\"batucada\" width=\"200\" height=\"150\" \/><\/p>\n","protected":false},"excerpt":{"rendered":"<p>El passat 16 de desembre \u00a0l\u2019escola Labour\u00e9 va celebrar el seu festival de Nadal. L\u2019Escola de M\u00fasics col.labora amb aquesta escola i la Fundaci\u00f3 Tot Raval des de fa tres anys dins el projecte T\u00e0ndem de la Fundaci\u00f3 Catalunya la Pedrera \u00a0per incorporar la m\u00fasica&hellip;  <a href=\"https:\/\/agora.xtec.cat\/escolademusicsijpc\/grups\/batucada\/festival-de-nadal\/\" title=\"Read Festival de Nadal\">Llegeix m\u00e9s\u00bb<\/a><\/p>\n","protected":false},"author":1,"featured_media":3824,"comment_status":"open","ping_status":"open","sticky":false,"template":"","format":"standard","meta":{"_bbp_topic_count":0,"_bbp_reply_count":0,"_bbp_total_topic_count":0,"_bbp_total_reply_count":0,"_bbp_voice_count":0,"_bbp_anonymous_reply_count":0,"_bbp_topic_count_hidden":0,"_bbp_reply_count_hidden":0,"_bbp_forum_subforum_count":0,"footnotes":""},"categories":[60,104],"tags":[],"class_list":["post-3821","post","type-post","status-publish","format-standard","has-post-thumbnail","hentry","category-batucada","category-uncategorized"],"post_mailing_queue_ids":[],"_links":{"self":[{"href":"https:\/\/agora.xtec.cat\/escolademusicsijpc\/wp-json\/wp\/v2\/posts\/3821","targetHints":{"allow":["GET"]}}],"collection":[{"href":"https:\/\/agora.xtec.cat\/escolademusicsijpc\/wp-json\/wp\/v2\/posts"}],"about":[{"href":"https:\/\/agora.xtec.cat\/escolademusicsijpc\/wp-json\/wp\/v2\/types\/post"}],"author":[{"embeddable":true,"href":"https:\/\/agora.xtec.cat\/escolademusicsijpc\/wp-json\/wp\/v2\/users\/1"}],"replies":[{"embeddable":true,"href":"https:\/\/agora.xtec.cat\/escolademusicsijpc\/wp-json\/wp\/v2\/comments?post=3821"}],"version-history":[{"count":1,"href":"https:\/\/agora.xtec.cat\/escolademusicsijpc\/wp-json\/wp\/v2\/posts\/3821\/revisions"}],"predecessor-version":[{"id":4771,"href":"https:\/\/agora.xtec.cat\/escolademusicsijpc\/wp-json\/wp\/v2\/posts\/3821\/revisions\/4771"}],"wp:featuredmedia":[{"embeddable":true,"href":"https:\/\/agora.xtec.cat\/escolademusicsijpc\/wp-json\/wp\/v2\/media\/3824"}],"wp:attachment":[{"href":"https:\/\/agora.xtec.cat\/escolademusicsijpc\/wp-json\/wp\/v2\/media?parent=3821"}],"wp:term":[{"taxonomy":"category","embeddable":true,"href":"https:\/\/agora.xtec.cat\/escolademusicsijpc\/wp-json\/wp\/v2\/categories?post=3821"},{"taxonomy":"post_tag","embeddable":true,"href":"https:\/\/agora.xtec.cat\/escolademusicsijpc\/wp-json\/wp\/v2\/tags?post=3821"}],"curies":[{"name":"wp","href":"https:\/\/api.w.org\/{rel}","templated":true}]}}