{"id":3815,"date":"2014-12-16T17:33:17","date_gmt":"2014-12-16T16:33:17","guid":{"rendered":"http:\/\/lescolademusicsijpc.wordpress.com\/?p=3815"},"modified":"2014-12-16T17:33:17","modified_gmt":"2014-12-16T16:33:17","slug":"video-nadalenc-11","status":"publish","type":"post","link":"https:\/\/agora.xtec.cat\/escolademusicsijpc\/videos\/video-nadalenc-11\/","title":{"rendered":"V\u00eddeo Nadalenc"},"content":{"rendered":"<p>H\u00e9ctor P\u00e9rez us desitja Bon Nadal!<\/p>\n<p>[youtube https:\/\/www.youtube.com\/watch?v=t6KoUgnHy-E]<\/p>\n","protected":false},"excerpt":{"rendered":"<p>H\u00e9ctor P\u00e9rez us desitja Bon Nadal!<br \/>\n[youtube https:\/\/www.youtube.com\/watch?v=t6KoUgnHy-E]<\/p>\n","protected":false},"author":1,"featured_media":0,"comment_status":"open","ping_status":"open","sticky":false,"template":"","format":"standard","meta":{"_bbp_topic_count":0,"_bbp_reply_count":0,"_bbp_total_topic_count":0,"_bbp_total_reply_count":0,"_bbp_voice_count":0,"_bbp_anonymous_reply_count":0,"_bbp_topic_count_hidden":0,"_bbp_reply_count_hidden":0,"_bbp_forum_subforum_count":0,"footnotes":""},"categories":[77],"tags":[],"class_list":["post-3815","post","type-post","status-publish","format-standard","hentry","category-videos"],"post_mailing_queue_ids":[],"_links":{"self":[{"href":"https:\/\/agora.xtec.cat\/escolademusicsijpc\/wp-json\/wp\/v2\/posts\/3815","targetHints":{"allow":["GET"]}}],"collection":[{"href":"https:\/\/agora.xtec.cat\/escolademusicsijpc\/wp-json\/wp\/v2\/posts"}],"about":[{"href":"https:\/\/agora.xtec.cat\/escolademusicsijpc\/wp-json\/wp\/v2\/types\/post"}],"author":[{"embeddable":true,"href":"https:\/\/agora.xtec.cat\/escolademusicsijpc\/wp-json\/wp\/v2\/users\/1"}],"replies":[{"embeddable":true,"href":"https:\/\/agora.xtec.cat\/escolademusicsijpc\/wp-json\/wp\/v2\/comments?post=3815"}],"version-history":[{"count":0,"href":"https:\/\/agora.xtec.cat\/escolademusicsijpc\/wp-json\/wp\/v2\/posts\/3815\/revisions"}],"wp:attachment":[{"href":"https:\/\/agora.xtec.cat\/escolademusicsijpc\/wp-json\/wp\/v2\/media?parent=3815"}],"wp:term":[{"taxonomy":"category","embeddable":true,"href":"https:\/\/agora.xtec.cat\/escolademusicsijpc\/wp-json\/wp\/v2\/categories?post=3815"},{"taxonomy":"post_tag","embeddable":true,"href":"https:\/\/agora.xtec.cat\/escolademusicsijpc\/wp-json\/wp\/v2\/tags?post=3815"}],"curies":[{"name":"wp","href":"https:\/\/api.w.org\/{rel}","templated":true}]}}