{"id":3796,"date":"2014-12-15T15:55:01","date_gmt":"2014-12-15T14:55:01","guid":{"rendered":"http:\/\/lescolademusicsijpc.wordpress.com\/?p=3796"},"modified":"2014-12-15T15:55:01","modified_gmt":"2014-12-15T14:55:01","slug":"videos-nadalencs","status":"publish","type":"post","link":"https:\/\/agora.xtec.cat\/escolademusicsijpc\/videos\/videos-nadalencs\/","title":{"rendered":"V\u00eddeos Nadalencs"},"content":{"rendered":"<p>En Nicol\u00e0s D\u00edaz ens desitja Bon Nadal amb molta il\u00b7lusi\u00f3!<\/p>\n<p>[youtube https:\/\/www.youtube.com\/watch?v=6F7QdJrMwPs]<\/p>\n<p>Bon Nadal de la Rut Millan<\/p>\n<p>[youtube https:\/\/www.youtube.com\/watch?v=HiC9OuRJyTs]<\/p>\n<p>Einar Ganzer us desitja Bon Nadal<\/p>\n<p>[youtube https:\/\/www.youtube.com\/watch?v=4A58TjpMTyA]<\/p>\n<p>Lena Mu\u00f1oz us desitja Bon Nadal!<\/p>\n<p>[youtube https:\/\/www.youtube.com\/watch?v=bkN_bIT1MHs]<\/p>\n<p>Ricard Celorio us desitja Bon Nadal<\/p>\n<p>[youtube https:\/\/www.youtube.com\/watch?v=ZjkAr7u3qdU]<\/p>\n<p>&nbsp;<\/p>\n","protected":false},"excerpt":{"rendered":"<p>En Nicol\u00e0s D\u00edaz ens desitja Bon Nadal amb molta il\u00b7lusi\u00f3!<br \/>\n[youtube https:\/\/www.youtube.com\/watch?v=6F7QdJrMwPs]<br \/>\nBon Nadal de la Rut Millan<br \/>\n[youtube https:\/\/www.youtube.com\/watch?v=HiC9OuRJyTs]<br \/>\nEinar Ganzer us desitja Bon Nadal<br \/>\n[youtube https:\/\/www.youtube.com\/watch?v=4A58TjpMTyA]<br \/>\nLena Mu\u00f1oz us desitja Bon Nadal!<br \/>\n[youtube https:\/\/www.youtube.com\/watch?v=bkN_bIT1MHs]<br \/>\nRicard Celorio us desitja Bon Nadal<br \/>\n[youtube https:\/\/www.youtube.com\/watch?v=ZjkAr7u3qdU]<br \/>\n&nbsp;<\/p>\n","protected":false},"author":1,"featured_media":0,"comment_status":"open","ping_status":"open","sticky":false,"template":"","format":"standard","meta":{"_bbp_topic_count":0,"_bbp_reply_count":0,"_bbp_total_topic_count":0,"_bbp_total_reply_count":0,"_bbp_voice_count":0,"_bbp_anonymous_reply_count":0,"_bbp_topic_count_hidden":0,"_bbp_reply_count_hidden":0,"_bbp_forum_subforum_count":0,"footnotes":""},"categories":[77],"tags":[],"class_list":["post-3796","post","type-post","status-publish","format-standard","hentry","category-videos"],"post_mailing_queue_ids":[],"_links":{"self":[{"href":"https:\/\/agora.xtec.cat\/escolademusicsijpc\/wp-json\/wp\/v2\/posts\/3796","targetHints":{"allow":["GET"]}}],"collection":[{"href":"https:\/\/agora.xtec.cat\/escolademusicsijpc\/wp-json\/wp\/v2\/posts"}],"about":[{"href":"https:\/\/agora.xtec.cat\/escolademusicsijpc\/wp-json\/wp\/v2\/types\/post"}],"author":[{"embeddable":true,"href":"https:\/\/agora.xtec.cat\/escolademusicsijpc\/wp-json\/wp\/v2\/users\/1"}],"replies":[{"embeddable":true,"href":"https:\/\/agora.xtec.cat\/escolademusicsijpc\/wp-json\/wp\/v2\/comments?post=3796"}],"version-history":[{"count":0,"href":"https:\/\/agora.xtec.cat\/escolademusicsijpc\/wp-json\/wp\/v2\/posts\/3796\/revisions"}],"wp:attachment":[{"href":"https:\/\/agora.xtec.cat\/escolademusicsijpc\/wp-json\/wp\/v2\/media?parent=3796"}],"wp:term":[{"taxonomy":"category","embeddable":true,"href":"https:\/\/agora.xtec.cat\/escolademusicsijpc\/wp-json\/wp\/v2\/categories?post=3796"},{"taxonomy":"post_tag","embeddable":true,"href":"https:\/\/agora.xtec.cat\/escolademusicsijpc\/wp-json\/wp\/v2\/tags?post=3796"}],"curies":[{"name":"wp","href":"https:\/\/api.w.org\/{rel}","templated":true}]}}