{"id":3783,"date":"2014-12-11T17:27:23","date_gmt":"2014-12-11T16:27:23","guid":{"rendered":"http:\/\/lescolademusicsijpc.wordpress.com\/?p=3783"},"modified":"2014-12-11T17:27:23","modified_gmt":"2014-12-11T16:27:23","slug":"3-videos-nadalencs","status":"publish","type":"post","link":"https:\/\/agora.xtec.cat\/escolademusicsijpc\/videos\/3-videos-nadalencs\/","title":{"rendered":"3 v\u00eddeos Nadalencs"},"content":{"rendered":"<p>Roger S\u00e0nchez i Pepe Reche<br \/>\n[youtube https:\/\/www.youtube.com\/watch?v=BPSd3n7V3Kw]<\/p>\n<p>Barend Ruesink, Francesc Balany\u00e0, Pepe Reche, Marc Balaguer,\u00a0Carlos Bueso i Tom Johnson del grup de l&#8217;Ensemble de Vents.<\/p>\n<p>[youtube https:\/\/www.youtube.com\/watch?v=w4r6CZUTDJw]<\/p>\n<p>Lluis Mart\u00ednez, Pepe Reche, Manolo Mart\u00ednez i Jes\u00fas Medi\u00f1a de la Raval&#8217;s Band<br \/>\n[youtube https:\/\/www.youtube.com\/watch?v=rUqFC3Cot1o]<\/p>\n","protected":false},"excerpt":{"rendered":"<p>Roger S\u00e0nchez i Pepe Reche<br \/>\n[youtube https:\/\/www.youtube.com\/watch?v=BPSd3n7V3Kw]<br \/>\nBarend Ruesink, Francesc Balany\u00e0, Pepe Reche, Marc Balaguer,\u00a0Carlos Bueso i Tom Johnson del grup de l&#8217;Ensemble de Vents.<br \/>\n[youtube https:\/\/www.youtube.com\/watch?v=w4r6CZUTDJw]<br \/>\nLluis Mart\u00ednez, Pepe Reche, Manolo Mart\u00ednez i Jes\u00fas Medi\u00f1a de la Raval&#8217;s Band<br \/>\n[youtube https:\/\/www.youtube.com\/watch?v=rUqFC3Cot1o]<\/p>\n","protected":false},"author":1,"featured_media":0,"comment_status":"open","ping_status":"open","sticky":false,"template":"","format":"standard","meta":{"_bbp_topic_count":0,"_bbp_reply_count":0,"_bbp_total_topic_count":0,"_bbp_total_reply_count":0,"_bbp_voice_count":0,"_bbp_anonymous_reply_count":0,"_bbp_topic_count_hidden":0,"_bbp_reply_count_hidden":0,"_bbp_forum_subforum_count":0,"footnotes":""},"categories":[77],"tags":[],"class_list":["post-3783","post","type-post","status-publish","format-standard","hentry","category-videos"],"post_mailing_queue_ids":[],"_links":{"self":[{"href":"https:\/\/agora.xtec.cat\/escolademusicsijpc\/wp-json\/wp\/v2\/posts\/3783","targetHints":{"allow":["GET"]}}],"collection":[{"href":"https:\/\/agora.xtec.cat\/escolademusicsijpc\/wp-json\/wp\/v2\/posts"}],"about":[{"href":"https:\/\/agora.xtec.cat\/escolademusicsijpc\/wp-json\/wp\/v2\/types\/post"}],"author":[{"embeddable":true,"href":"https:\/\/agora.xtec.cat\/escolademusicsijpc\/wp-json\/wp\/v2\/users\/1"}],"replies":[{"embeddable":true,"href":"https:\/\/agora.xtec.cat\/escolademusicsijpc\/wp-json\/wp\/v2\/comments?post=3783"}],"version-history":[{"count":0,"href":"https:\/\/agora.xtec.cat\/escolademusicsijpc\/wp-json\/wp\/v2\/posts\/3783\/revisions"}],"wp:attachment":[{"href":"https:\/\/agora.xtec.cat\/escolademusicsijpc\/wp-json\/wp\/v2\/media?parent=3783"}],"wp:term":[{"taxonomy":"category","embeddable":true,"href":"https:\/\/agora.xtec.cat\/escolademusicsijpc\/wp-json\/wp\/v2\/categories?post=3783"},{"taxonomy":"post_tag","embeddable":true,"href":"https:\/\/agora.xtec.cat\/escolademusicsijpc\/wp-json\/wp\/v2\/tags?post=3783"}],"curies":[{"name":"wp","href":"https:\/\/api.w.org\/{rel}","templated":true}]}}