{"id":3777,"date":"2014-12-10T20:44:31","date_gmt":"2014-12-10T19:44:31","guid":{"rendered":"http:\/\/lescolademusicsijpc.wordpress.com\/?p=3777"},"modified":"2016-02-09T17:53:46","modified_gmt":"2016-02-09T16:53:46","slug":"el-palau-celebra-la-primera-cantada-de-nadales","status":"publish","type":"post","link":"https:\/\/agora.xtec.cat\/escolademusicsijpc\/corals\/el-palau-celebra-la-primera-cantada-de-nadales\/","title":{"rendered":"El Palau celebra la primera cantada de nadales"},"content":{"rendered":"<p><span style=\"font: 16px\/18.72px Arial, Verdana, 'Trebuchet MS', Helvetica, Georgia, sans-serif; color: #666666; text-transform: none; text-indent: 0; letter-spacing: normal; word-spacing: 0; float: none; display: inline !important; white-space: normal; font-size-adjust: none; font-stretch: normal; background-color: #ffffff;\">El dimecres 17 de desembre, els visitants podran gaudir de la cantada de Nadales a c\u00e0rrec de la coral juvenil de l\u2019Escola Labour\u00e9, que est\u00e0 formada pels alumnes de segon i tercer cicle de prim\u00e0ria i d&#8217;ESO. Les dues sessions, a les 10.30 h i a les 11.30 h i amb mitja hora de durada, dirigides per Cristina Colomer i al piano Dami\u00e0 Riera.<\/span><\/p>\n<p><a href=\"http:\/\/palauguell.cat\/el-palau-guell-celebra-la-primera-cantada-de-nadales\"><img loading=\"lazy\" decoding=\"async\" class=\"aligncenter size-full wp-image-3778\" src=\"http:\/\/agora.xtec.cat\/escolademusicsijpc\/wp-content\/uploads\/usu459\/2014\/12\/guell.gif\" alt=\"guell\" width=\"250\" height=\"200\" \/>http:\/\/palauguell.cat\/el-palau-guell-celebra-la-primera-cantada-de-nadales<\/a><\/p>\n","protected":false},"excerpt":{"rendered":"<p>El dimecres 17 de desembre, els visitants podran gaudir de la cantada de Nadales a c\u00e0rrec de la coral juvenil de l\u2019Escola Labour\u00e9, que est\u00e0 formada pels alumnes de segon i tercer cicle de prim\u00e0ria i d&#8217;ESO. Les dues sessions, a les 10.30 h i&hellip;  <a href=\"https:\/\/agora.xtec.cat\/escolademusicsijpc\/corals\/el-palau-celebra-la-primera-cantada-de-nadales\/\" title=\"Read El Palau celebra la primera cantada de nadales\">Llegeix m\u00e9s\u00bb<\/a><\/p>\n","protected":false},"author":1,"featured_media":3778,"comment_status":"open","ping_status":"open","sticky":false,"template":"","format":"standard","meta":{"_bbp_topic_count":0,"_bbp_reply_count":0,"_bbp_total_topic_count":0,"_bbp_total_reply_count":0,"_bbp_voice_count":0,"_bbp_anonymous_reply_count":0,"_bbp_topic_count_hidden":0,"_bbp_reply_count_hidden":0,"_bbp_forum_subforum_count":0,"footnotes":""},"categories":[66],"tags":[],"class_list":["post-3777","post","type-post","status-publish","format-standard","has-post-thumbnail","hentry","category-corals"],"post_mailing_queue_ids":[],"_links":{"self":[{"href":"https:\/\/agora.xtec.cat\/escolademusicsijpc\/wp-json\/wp\/v2\/posts\/3777","targetHints":{"allow":["GET"]}}],"collection":[{"href":"https:\/\/agora.xtec.cat\/escolademusicsijpc\/wp-json\/wp\/v2\/posts"}],"about":[{"href":"https:\/\/agora.xtec.cat\/escolademusicsijpc\/wp-json\/wp\/v2\/types\/post"}],"author":[{"embeddable":true,"href":"https:\/\/agora.xtec.cat\/escolademusicsijpc\/wp-json\/wp\/v2\/users\/1"}],"replies":[{"embeddable":true,"href":"https:\/\/agora.xtec.cat\/escolademusicsijpc\/wp-json\/wp\/v2\/comments?post=3777"}],"version-history":[{"count":2,"href":"https:\/\/agora.xtec.cat\/escolademusicsijpc\/wp-json\/wp\/v2\/posts\/3777\/revisions"}],"predecessor-version":[{"id":5288,"href":"https:\/\/agora.xtec.cat\/escolademusicsijpc\/wp-json\/wp\/v2\/posts\/3777\/revisions\/5288"}],"wp:featuredmedia":[{"embeddable":true,"href":"https:\/\/agora.xtec.cat\/escolademusicsijpc\/wp-json\/wp\/v2\/media\/3778"}],"wp:attachment":[{"href":"https:\/\/agora.xtec.cat\/escolademusicsijpc\/wp-json\/wp\/v2\/media?parent=3777"}],"wp:term":[{"taxonomy":"category","embeddable":true,"href":"https:\/\/agora.xtec.cat\/escolademusicsijpc\/wp-json\/wp\/v2\/categories?post=3777"},{"taxonomy":"post_tag","embeddable":true,"href":"https:\/\/agora.xtec.cat\/escolademusicsijpc\/wp-json\/wp\/v2\/tags?post=3777"}],"curies":[{"name":"wp","href":"https:\/\/api.w.org\/{rel}","templated":true}]}}