{"id":3760,"date":"2014-12-01T15:25:57","date_gmt":"2014-12-01T14:25:57","guid":{"rendered":"http:\/\/lescolademusicsijpc.wordpress.com\/?p=3760"},"modified":"2014-12-01T15:25:57","modified_gmt":"2014-12-01T14:25:57","slug":"video-nadalenc-2","status":"publish","type":"post","link":"https:\/\/agora.xtec.cat\/escolademusicsijpc\/videos\/video-nadalenc-2\/","title":{"rendered":"V\u00eddeo Nadalenc"},"content":{"rendered":"<p>En Mart\u00ed G\u00fcell, molt ben acompanyat, ens regala dos v\u00eddeos per felicitar-nos el Nadal.<\/p>\n<p>[youtube https:\/\/www.youtube.com\/watch?v=Ci1BpHHGz6g]<br \/>\n[youtube https:\/\/www.youtube.com\/watch?v=OU19P8UZ4HE]<\/p>\n","protected":false},"excerpt":{"rendered":"<p>En Mart\u00ed G\u00fcell, molt ben acompanyat, ens regala dos v\u00eddeos per felicitar-nos el Nadal.<br \/>\n[youtube https:\/\/www.youtube.com\/watch?v=Ci1BpHHGz6g]<br \/>\n[youtube https:\/\/www.youtube.com\/watch?v=OU19P8UZ4HE]<\/p>\n","protected":false},"author":1,"featured_media":0,"comment_status":"open","ping_status":"open","sticky":false,"template":"","format":"standard","meta":{"_bbp_topic_count":0,"_bbp_reply_count":0,"_bbp_total_topic_count":0,"_bbp_total_reply_count":0,"_bbp_voice_count":0,"_bbp_anonymous_reply_count":0,"_bbp_topic_count_hidden":0,"_bbp_reply_count_hidden":0,"_bbp_forum_subforum_count":0,"footnotes":""},"categories":[77],"tags":[],"class_list":["post-3760","post","type-post","status-publish","format-standard","hentry","category-videos"],"post_mailing_queue_ids":[],"_links":{"self":[{"href":"https:\/\/agora.xtec.cat\/escolademusicsijpc\/wp-json\/wp\/v2\/posts\/3760","targetHints":{"allow":["GET"]}}],"collection":[{"href":"https:\/\/agora.xtec.cat\/escolademusicsijpc\/wp-json\/wp\/v2\/posts"}],"about":[{"href":"https:\/\/agora.xtec.cat\/escolademusicsijpc\/wp-json\/wp\/v2\/types\/post"}],"author":[{"embeddable":true,"href":"https:\/\/agora.xtec.cat\/escolademusicsijpc\/wp-json\/wp\/v2\/users\/1"}],"replies":[{"embeddable":true,"href":"https:\/\/agora.xtec.cat\/escolademusicsijpc\/wp-json\/wp\/v2\/comments?post=3760"}],"version-history":[{"count":0,"href":"https:\/\/agora.xtec.cat\/escolademusicsijpc\/wp-json\/wp\/v2\/posts\/3760\/revisions"}],"wp:attachment":[{"href":"https:\/\/agora.xtec.cat\/escolademusicsijpc\/wp-json\/wp\/v2\/media?parent=3760"}],"wp:term":[{"taxonomy":"category","embeddable":true,"href":"https:\/\/agora.xtec.cat\/escolademusicsijpc\/wp-json\/wp\/v2\/categories?post=3760"},{"taxonomy":"post_tag","embeddable":true,"href":"https:\/\/agora.xtec.cat\/escolademusicsijpc\/wp-json\/wp\/v2\/tags?post=3760"}],"curies":[{"name":"wp","href":"https:\/\/api.w.org\/{rel}","templated":true}]}}