{"id":3737,"date":"2014-11-24T16:31:25","date_gmt":"2014-11-24T15:31:25","guid":{"rendered":"http:\/\/lescolademusicsijpc.wordpress.com\/?p=3737"},"modified":"2016-01-28T20:48:21","modified_gmt":"2016-01-28T19:48:21","slug":"coral-juvenil-de-laboure-al-palau-guell","status":"publish","type":"post","link":"https:\/\/agora.xtec.cat\/escolademusicsijpc\/concerts\/coral-juvenil-de-laboure-al-palau-guell\/","title":{"rendered":"Coral juvenil de Labour\u00e9 al Palau G\u00fcell"},"content":{"rendered":"<p>El 17 de desembre, la coral juvenil de Labour\u00e9, sota la direcci\u00f3 de Cristina Colomer, tindr\u00e0 el plaer de poder oferir un concert en un espai tant magn\u00edfic com \u00e9s el Palau G\u00fcell.<\/p>\n<p>La coral juvenil de Labour\u00e9 ens proposa escoltar un repertori molt variat, trobarem can\u00e7ons de bandes sonores, musicals i can\u00e7ons de rock catal\u00e0 a la primera part. Durant la segona part del concert podrem gaudir de Nadales tradicionals entre altres temes.<\/p>\n<p><strong>Repertori:<\/strong><\/p>\n<p>1a part<img loading=\"lazy\" decoding=\"async\" class=\"alignright wp-image-3739 size-full\" src=\"http:\/\/agora.xtec.cat\/escolademusicsijpc\/wp-content\/uploads\/usu459\/2014\/11\/unnamed.gif\" alt=\"unnamed\" width=\"149\" height=\"200\" \/><\/p>\n<ul>\n<li>Avions de paper. <em>Christophe Barratier\/Bruno Coulais<\/em><\/li>\n<li>La vida \u00e9s bella.-<em>Nicola Piovani<\/em><\/li>\n<li>Mireu els camins- Christophe Barratier\/Bruno Coulais<\/li>\n<li>Can\u00e7\u00f2 de bres per a una princesa negra- <em>A.Rodr\u00edguez Sabanes<\/em><\/li>\n<li>Pol petit- <em>N\u2019Gai N\u2019Gai<\/em><\/li>\n<li>Llen\u00e7a\u2019t- <em>Jes\u00fas Rovira<\/em><\/li>\n<li>Hores d\u2019amor.- <em>Jonathan Larson<\/em><\/li>\n<li>La can\u00e7\u00f2 del rellotge.- <em>Ferran Gonz\u00e0lez\/Al\u00edcia Serrat<\/em><\/li>\n<\/ul>\n<p>2a part<\/p>\n<ul>\n<li>Color esperanza.- <em>Diego Torres<img loading=\"lazy\" decoding=\"async\" class=\"alignright size-full wp-image-3740\" src=\"http:\/\/agora.xtec.cat\/escolademusicsijpc\/wp-content\/uploads\/usu459\/2014\/11\/unnamed2.gif\" alt=\"unnamed2\" width=\"200\" height=\"115\" \/><\/em><\/li>\n<li>No dudaria- <em>Antonio Flores<\/em><\/li>\n<li>Mirall de pau.-<em>David Melgar<\/em><\/li>\n<li>Regal per a tu.-<em>Jerry Estes<\/em><\/li>\n<li>Somiem tots junts.-<em>David Melgar<\/em><\/li>\n<li>Blanc Nadal. &#8211;<em>Nadala <\/em><\/li>\n<li>El desembre congelat.-<em>Popular catalana<\/em><\/li>\n<li>Santa nit<em>.-Nadala<\/em><\/li>\n<\/ul>\n<p><em>directora: Cristina Colomer<\/em><\/p>\n<p><em>pianista acompanyant: Dami\u00e0 Riera<\/em><\/p>\n","protected":false},"excerpt":{"rendered":"<p>El 17 de desembre, la coral juvenil de Labour\u00e9, sota la direcci\u00f3 de Cristina Colomer, tindr\u00e0 el plaer de poder oferir un concert en un espai tant magn\u00edfic com \u00e9s el Palau G\u00fcell.<br \/>\nLa coral juvenil de Labour\u00e9 ens proposa escoltar un repertori molt variat, trobarem&hellip;  <a href=\"https:\/\/agora.xtec.cat\/escolademusicsijpc\/concerts\/coral-juvenil-de-laboure-al-palau-guell\/\" title=\"Read Coral juvenil de Labour\u00e9 al Palau G\u00fcell\">Llegeix m\u00e9s\u00bb<\/a><\/p>\n","protected":false},"author":1,"featured_media":3739,"comment_status":"open","ping_status":"open","sticky":false,"template":"","format":"standard","meta":{"_bbp_topic_count":0,"_bbp_reply_count":0,"_bbp_total_topic_count":0,"_bbp_total_reply_count":0,"_bbp_voice_count":0,"_bbp_anonymous_reply_count":0,"_bbp_topic_count_hidden":0,"_bbp_reply_count_hidden":0,"_bbp_forum_subforum_count":0,"footnotes":""},"categories":[63],"tags":[],"class_list":["post-3737","post","type-post","status-publish","format-standard","has-post-thumbnail","hentry","category-concerts"],"post_mailing_queue_ids":[],"_links":{"self":[{"href":"https:\/\/agora.xtec.cat\/escolademusicsijpc\/wp-json\/wp\/v2\/posts\/3737","targetHints":{"allow":["GET"]}}],"collection":[{"href":"https:\/\/agora.xtec.cat\/escolademusicsijpc\/wp-json\/wp\/v2\/posts"}],"about":[{"href":"https:\/\/agora.xtec.cat\/escolademusicsijpc\/wp-json\/wp\/v2\/types\/post"}],"author":[{"embeddable":true,"href":"https:\/\/agora.xtec.cat\/escolademusicsijpc\/wp-json\/wp\/v2\/users\/1"}],"replies":[{"embeddable":true,"href":"https:\/\/agora.xtec.cat\/escolademusicsijpc\/wp-json\/wp\/v2\/comments?post=3737"}],"version-history":[{"count":2,"href":"https:\/\/agora.xtec.cat\/escolademusicsijpc\/wp-json\/wp\/v2\/posts\/3737\/revisions"}],"predecessor-version":[{"id":4855,"href":"https:\/\/agora.xtec.cat\/escolademusicsijpc\/wp-json\/wp\/v2\/posts\/3737\/revisions\/4855"}],"wp:featuredmedia":[{"embeddable":true,"href":"https:\/\/agora.xtec.cat\/escolademusicsijpc\/wp-json\/wp\/v2\/media\/3739"}],"wp:attachment":[{"href":"https:\/\/agora.xtec.cat\/escolademusicsijpc\/wp-json\/wp\/v2\/media?parent=3737"}],"wp:term":[{"taxonomy":"category","embeddable":true,"href":"https:\/\/agora.xtec.cat\/escolademusicsijpc\/wp-json\/wp\/v2\/categories?post=3737"},{"taxonomy":"post_tag","embeddable":true,"href":"https:\/\/agora.xtec.cat\/escolademusicsijpc\/wp-json\/wp\/v2\/tags?post=3737"}],"curies":[{"name":"wp","href":"https:\/\/api.w.org\/{rel}","templated":true}]}}