{"id":3716,"date":"2014-11-20T12:19:31","date_gmt":"2014-11-20T11:19:31","guid":{"rendered":"http:\/\/lescolademusicsijpc.wordpress.com\/?p=3716"},"modified":"2016-01-28T17:54:37","modified_gmt":"2016-01-28T16:54:37","slug":"the-basement-al-raval","status":"publish","type":"post","link":"https:\/\/agora.xtec.cat\/escolademusicsijpc\/grups\/combos\/the-basement-al-raval\/","title":{"rendered":"&#8220;The Basement&#8221; al Raval"},"content":{"rendered":"<p>El <span class=\"hiddenSpellError\">Combo<\/span> de l&#8217;Escola de M\u00fasics i <span class=\"hiddenSpellError\">Jpc<\/span> anomenat &#8221; <span class=\"hiddenSpellError\">The<\/span> <span class=\"hiddenSpellError\">Basement<\/span>&#8221; i format per la cantant <span class=\"hiddenSpellError\">Tamaya<\/span> <span class=\"hiddenSpellError\">Arunategui<\/span>, tromb\u00f3 <span class=\"hiddenSpellError\">Axelle<\/span> <span class=\"hiddenSpellError\">Sanmart\u00ed<\/span>, saxo Aina Segarra,\u00a0saxo <span class=\"hiddenSpellError\">Guille<\/span> Torena,\u00a0piano Mart\u00ed G\u00f3mez,\u00a0baix el\u00e8ctric <span class=\"hiddenSpellError\">Lluis<\/span> <span class=\"hiddenSpellError\">Pom\u00e9s<\/span> i bateria Nil Casals han tocat tres peces amb molt de ritme en la 12a Edici\u00f3 Festival de Cultura del Raval.<\/p>\n<p>A continuaci\u00f3 gaudiu de la pe\u00e7a <span class=\"hiddenSpellError\">Knock<\/span> On <span class=\"hiddenSpellError\">Wood<\/span>:<\/p>\n<p><iframe loading=\"lazy\" width=\"560\" height=\"315\" src=\"https:\/\/www.youtube.com\/embed\/9PpoViVRmq8\" frameborder=\"0\" allowfullscreen><\/iframe><\/p>\n","protected":false},"excerpt":{"rendered":"<p>El Combo de l&#8217;Escola de M\u00fasics i Jpc anomenat &#8221; The Basement&#8221; i format per la cantant Tamaya Arunategui, tromb\u00f3 Axelle Sanmart\u00ed, saxo Aina Segarra,\u00a0saxo Guille Torena,\u00a0piano Mart\u00ed G\u00f3mez,\u00a0baix el\u00e8ctric Lluis Pom\u00e9s i bateria Nil Casals han tocat tres peces amb molt de ritme en&hellip;  <a href=\"https:\/\/agora.xtec.cat\/escolademusicsijpc\/grups\/combos\/the-basement-al-raval\/\" title=\"Read &#8220;The Basement&#8221; al Raval\">Llegeix m\u00e9s\u00bb<\/a><\/p>\n","protected":false},"author":1,"featured_media":0,"comment_status":"open","ping_status":"open","sticky":false,"template":"","format":"standard","meta":{"_bbp_topic_count":0,"_bbp_reply_count":0,"_bbp_total_topic_count":0,"_bbp_total_reply_count":0,"_bbp_voice_count":0,"_bbp_anonymous_reply_count":0,"_bbp_topic_count_hidden":0,"_bbp_reply_count_hidden":0,"_bbp_forum_subforum_count":0,"footnotes":""},"categories":[62],"tags":[],"class_list":["post-3716","post","type-post","status-publish","format-standard","hentry","category-combos"],"post_mailing_queue_ids":[],"_links":{"self":[{"href":"https:\/\/agora.xtec.cat\/escolademusicsijpc\/wp-json\/wp\/v2\/posts\/3716","targetHints":{"allow":["GET"]}}],"collection":[{"href":"https:\/\/agora.xtec.cat\/escolademusicsijpc\/wp-json\/wp\/v2\/posts"}],"about":[{"href":"https:\/\/agora.xtec.cat\/escolademusicsijpc\/wp-json\/wp\/v2\/types\/post"}],"author":[{"embeddable":true,"href":"https:\/\/agora.xtec.cat\/escolademusicsijpc\/wp-json\/wp\/v2\/users\/1"}],"replies":[{"embeddable":true,"href":"https:\/\/agora.xtec.cat\/escolademusicsijpc\/wp-json\/wp\/v2\/comments?post=3716"}],"version-history":[{"count":3,"href":"https:\/\/agora.xtec.cat\/escolademusicsijpc\/wp-json\/wp\/v2\/posts\/3716\/revisions"}],"predecessor-version":[{"id":4808,"href":"https:\/\/agora.xtec.cat\/escolademusicsijpc\/wp-json\/wp\/v2\/posts\/3716\/revisions\/4808"}],"wp:attachment":[{"href":"https:\/\/agora.xtec.cat\/escolademusicsijpc\/wp-json\/wp\/v2\/media?parent=3716"}],"wp:term":[{"taxonomy":"category","embeddable":true,"href":"https:\/\/agora.xtec.cat\/escolademusicsijpc\/wp-json\/wp\/v2\/categories?post=3716"},{"taxonomy":"post_tag","embeddable":true,"href":"https:\/\/agora.xtec.cat\/escolademusicsijpc\/wp-json\/wp\/v2\/tags?post=3716"}],"curies":[{"name":"wp","href":"https:\/\/api.w.org\/{rel}","templated":true}]}}