{"id":3698,"date":"2014-11-12T15:35:54","date_gmt":"2014-11-12T14:35:54","guid":{"rendered":"http:\/\/lescolademusicsijpc.wordpress.com\/?p=3698"},"modified":"2014-11-12T15:35:54","modified_gmt":"2014-11-12T14:35:54","slug":"felicita-les-festes-amb-una-nadala","status":"publish","type":"post","link":"https:\/\/agora.xtec.cat\/escolademusicsijpc\/videos\/felicita-les-festes-amb-una-nadala\/","title":{"rendered":"Felicita les Festes amb una Nadala."},"content":{"rendered":"<p>Benvolguts alumnes i fam\u00edlies de l\u2019Escola de M\u00fasics i JPC.<\/p>\n<p>Aquest curs us proposem felicitar les festes de Nadal d\u2019una manera diferent. Us animem a enregistrar-vos tocant una can\u00e7\u00f3 de Nadal per penjar al blog, al Facebook i al Youtube de l\u2019escola.<\/p>\n<p>Les bases per participar s\u00f3n:<\/p>\n<p><strong>Felicita les Festes amb una Nadala. <\/strong><\/p>\n<ol>\n<li>Tria la melodia que vulguis per felicitar el Nadal amb el teu instrument.<img loading=\"lazy\" decoding=\"async\" class=\"alignright size-full wp-image-3703\" src=\"http:\/\/agora.xtec.cat\/escolademusicsijpc\/wp-content\/uploads\/usu459\/2014\/11\/tom023colorverd.gif\" alt=\"tom023colorverd\" width=\"141\" height=\"200\" \/><\/li>\n<li>El teu mestre et pot ajudar a preparar-la.<\/li>\n<li>Enregistra\u2019t tocant tu sol, en duo, en trio, en grup o amb la fam\u00edlia.<\/li>\n<li>S\u2019admet qualsevol format de v\u00eddeo. Ho pots fer amb el m\u00f2bil, per\u00f2 en horitzontal! El v\u00eddeo no ha de durar m\u00e9s de 30 segons.<\/li>\n<li>Envieu la gravaci\u00f3 a escolademusics@gmail.com junt amb els vostres noms, cognoms i edats.<\/li>\n<li>El 15 de desembre data l\u00edmit per enviar el v\u00eddeo.<\/li>\n<li>Obert a tots els alumnes de l&#8217;escola.<\/li>\n<li>Mireu les gravacions a la web de l\u2019Escola <a href=\"http:\/\/lescolademusicsijpc.wordpress.com\/\">http:\/\/lescolademusicsijpc.wordpress.com\/<\/a> o tamb\u00e9 en Facebook, Lescolademusics Jpc, i compartiu-lo.<\/li>\n<\/ol>\n<p>Us adjuntem el v\u00eddeo de promoci\u00f3 que ha enregistrat en Tom Johnson professor de tromb\u00f3 de l\u2019escola.[youtube https:\/\/www.youtube.com\/watch?v=A_G_AE3eaTg&amp;w=560&amp;h=315]<\/p>\n<p>Cordialment.<\/p>\n<p>L\u2019Escola de M\u00fasics i JPC<\/p>\n","protected":false},"excerpt":{"rendered":"<p>Benvolguts alumnes i fam\u00edlies de l\u2019Escola de M\u00fasics i JPC.<br \/>\nAquest curs us proposem felicitar les festes de Nadal d\u2019una manera diferent. Us animem a enregistrar-vos tocant una can\u00e7\u00f3 de Nadal per penjar al blog, al Facebook i al Youtube de l\u2019escola.<br \/>\nLes bases per participar s\u00f3n:<br \/>\nFelicita&hellip;  <a href=\"https:\/\/agora.xtec.cat\/escolademusicsijpc\/videos\/felicita-les-festes-amb-una-nadala\/\" title=\"Read Felicita les Festes amb una Nadala.\">Llegeix m\u00e9s\u00bb<\/a><\/p>\n","protected":false},"author":1,"featured_media":0,"comment_status":"open","ping_status":"open","sticky":false,"template":"","format":"standard","meta":{"_bbp_topic_count":0,"_bbp_reply_count":0,"_bbp_total_topic_count":0,"_bbp_total_reply_count":0,"_bbp_voice_count":0,"_bbp_anonymous_reply_count":0,"_bbp_topic_count_hidden":0,"_bbp_reply_count_hidden":0,"_bbp_forum_subforum_count":0,"footnotes":""},"categories":[77],"tags":[],"class_list":["post-3698","post","type-post","status-publish","format-standard","hentry","category-videos"],"post_mailing_queue_ids":[],"_links":{"self":[{"href":"https:\/\/agora.xtec.cat\/escolademusicsijpc\/wp-json\/wp\/v2\/posts\/3698","targetHints":{"allow":["GET"]}}],"collection":[{"href":"https:\/\/agora.xtec.cat\/escolademusicsijpc\/wp-json\/wp\/v2\/posts"}],"about":[{"href":"https:\/\/agora.xtec.cat\/escolademusicsijpc\/wp-json\/wp\/v2\/types\/post"}],"author":[{"embeddable":true,"href":"https:\/\/agora.xtec.cat\/escolademusicsijpc\/wp-json\/wp\/v2\/users\/1"}],"replies":[{"embeddable":true,"href":"https:\/\/agora.xtec.cat\/escolademusicsijpc\/wp-json\/wp\/v2\/comments?post=3698"}],"version-history":[{"count":0,"href":"https:\/\/agora.xtec.cat\/escolademusicsijpc\/wp-json\/wp\/v2\/posts\/3698\/revisions"}],"wp:attachment":[{"href":"https:\/\/agora.xtec.cat\/escolademusicsijpc\/wp-json\/wp\/v2\/media?parent=3698"}],"wp:term":[{"taxonomy":"category","embeddable":true,"href":"https:\/\/agora.xtec.cat\/escolademusicsijpc\/wp-json\/wp\/v2\/categories?post=3698"},{"taxonomy":"post_tag","embeddable":true,"href":"https:\/\/agora.xtec.cat\/escolademusicsijpc\/wp-json\/wp\/v2\/tags?post=3698"}],"curies":[{"name":"wp","href":"https:\/\/api.w.org\/{rel}","templated":true}]}}