{"id":3693,"date":"2014-11-03T17:54:01","date_gmt":"2014-11-03T16:54:01","guid":{"rendered":"http:\/\/lescolademusicsijpc.wordpress.com\/?p=3693"},"modified":"2016-02-10T20:53:47","modified_gmt":"2016-02-10T19:53:47","slug":"guitar-club-2","status":"publish","type":"post","link":"https:\/\/agora.xtec.cat\/escolademusicsijpc\/grups\/orquestra-de-guitarres\/guitar-club-2\/","title":{"rendered":"Guitar Club"},"content":{"rendered":"<p><img loading=\"lazy\" decoding=\"async\" class=\"alignright size-full wp-image-3695\" src=\"http:\/\/agora.xtec.cat\/escolademusicsijpc\/wp-content\/uploads\/usu459\/2014\/11\/guitar-club.gif\" alt=\"guitar-club\" width=\"141\" height=\"200\" \/>Aquest any repetim l&#8217;experi\u00e8ncia qu\u00e8 v\u00e0rem viure l&#8217;any passat. Una experi\u00e8ncia\u00a0molt positiva en la qual vam aprendre molt de cadascun de vosaltres i ens ho vam passar molt b\u00e9. Una activitat de guitarra que no et pots perdre:<\/p>\n<ul>\n<li>Explica\u2019ns la teva obra<\/li>\n<li>Comparteix la m\u00fasica<\/li>\n<li>Qu\u00e8 sents quan toques?<\/li>\n<li>Fem club, vine a\u00a0escoltar als teus companys<\/li>\n<\/ul>\n<p>Dissabte\u00a022 de\u00a0novembre a les 11h al C\/Riera Alta n\u00ba10<\/p>\n","protected":false},"excerpt":{"rendered":"<p>Aquest any repetim l&#8217;experi\u00e8ncia qu\u00e8 v\u00e0rem viure l&#8217;any passat. Una experi\u00e8ncia\u00a0molt positiva en la qual vam aprendre molt de cadascun de vosaltres i ens ho vam passar molt b\u00e9. Una activitat de guitarra que no et pots perdre:<\/p>\n<ul>\n<li>Explica\u2019ns la teva obra<\/li>\n<li>Comparteix la m\u00fasica<\/li>\n<li>Qu\u00e8 sents quan&hellip;  <a href=\"https:\/\/agora.xtec.cat\/escolademusicsijpc\/grups\/orquestra-de-guitarres\/guitar-club-2\/\" title=\"Read Guitar Club\">Llegeix m\u00e9s\u00bb<\/a><br \/>\n","protected":false},"author":1,"featured_media":3005,"comment_status":"open","ping_status":"open","sticky":false,"template":"","format":"standard","meta":{"_bbp_topic_count":0,"_bbp_reply_count":0,"_bbp_total_topic_count":0,"_bbp_total_reply_count":0,"_bbp_voice_count":0,"_bbp_anonymous_reply_count":0,"_bbp_topic_count_hidden":0,"_bbp_reply_count_hidden":0,"_bbp_forum_subforum_count":0,"footnotes":""},"categories":[72],"tags":[],"class_list":["post-3693","post","type-post","status-publish","format-standard","has-post-thumbnail","hentry","category-orquestra-de-guitarres"],"post_mailing_queue_ids":[],"_links":{"self":[{"href":"https:\/\/agora.xtec.cat\/escolademusicsijpc\/wp-json\/wp\/v2\/posts\/3693","targetHints":{"allow":["GET"]}}],"collection":[{"href":"https:\/\/agora.xtec.cat\/escolademusicsijpc\/wp-json\/wp\/v2\/posts"}],"about":[{"href":"https:\/\/agora.xtec.cat\/escolademusicsijpc\/wp-json\/wp\/v2\/types\/post"}],"author":[{"embeddable":true,"href":"https:\/\/agora.xtec.cat\/escolademusicsijpc\/wp-json\/wp\/v2\/users\/1"}],"replies":[{"embeddable":true,"href":"https:\/\/agora.xtec.cat\/escolademusicsijpc\/wp-json\/wp\/v2\/comments?post=3693"}],"version-history":[{"count":2,"href":"https:\/\/agora.xtec.cat\/escolademusicsijpc\/wp-json\/wp\/v2\/posts\/3693\/revisions"}],"predecessor-version":[{"id":5388,"href":"https:\/\/agora.xtec.cat\/escolademusicsijpc\/wp-json\/wp\/v2\/posts\/3693\/revisions\/5388"}],"wp:featuredmedia":[{"embeddable":true,"href":"https:\/\/agora.xtec.cat\/escolademusicsijpc\/wp-json\/wp\/v2\/media\/3005"}],"wp:attachment":[{"href":"https:\/\/agora.xtec.cat\/escolademusicsijpc\/wp-json\/wp\/v2\/media?parent=3693"}],"wp:term":[{"taxonomy":"category","embeddable":true,"href":"https:\/\/agora.xtec.cat\/escolademusicsijpc\/wp-json\/wp\/v2\/categories?post=3693"},{"taxonomy":"post_tag","embeddable":true,"href":"https:\/\/agora.xtec.cat\/escolademusicsijpc\/wp-json\/wp\/v2\/tags?post=3693"}],"curies":[{"name":"wp","href":"https:\/\/api.w.org\/{rel}","templated":true}]}}